{"id":588,"date":"2026-04-30T16:51:43","date_gmt":"2026-04-30T20:51:43","guid":{"rendered":"https:\/\/erainformativa.com\/?p=588"},"modified":"2026-04-30T16:51:44","modified_gmt":"2026-04-30T20:51:44","slug":"juez-mantiene-prision-preventiva-a-santiago-hazim-y-otros-seis-imputados-en-caso-senasa","status":"publish","type":"post","link":"https:\/\/erainformativa.com\/?p=588","title":{"rendered":"Juez mantiene prisi\u00f3n preventiva a Santiago Hazim y otros seis imputados en caso Senasa"},"content":{"rendered":"\n<h2 class=\"wp-block-heading\">En ese sentido, dispuso el mantenimiento en prisi\u00f3n de Santiago Hazim, Rafael Luis Mart\u00ednez Hazim, Gustavo Enrique Messina Cruz, Germ\u00e1n Rafael Robles Qui\u00f1ones, Francisco Iv\u00e1n Minaya P\u00e9rez, Ram\u00f3n Alan Spiekler Mateo y Ada Ledesma<\/h2>\n\n\n<div class=\"wp-block-post-date\"><time datetime=\"2026-04-30T20:50:58.798Z\">30 de abril de 2026<\/time><\/div>\n\n\n<figure class=\"wp-block-image size-full\"><img loading=\"lazy\" decoding=\"async\" width=\"800\" height=\"533\" src=\"https:\/\/erainformativa.com\/wp-content\/uploads\/2026\/04\/69f3b8a46bb14.jpeg\" alt=\"\" class=\"wp-image-589\" srcset=\"https:\/\/erainformativa.com\/wp-content\/uploads\/2026\/04\/69f3b8a46bb14.jpeg 800w, https:\/\/erainformativa.com\/wp-content\/uploads\/2026\/04\/69f3b8a46bb14-300x200.jpeg 300w, https:\/\/erainformativa.com\/wp-content\/uploads\/2026\/04\/69f3b8a46bb14-768x512.jpeg 768w\" sizes=\"auto, (max-width: 800px) 100vw, 800px\" \/><\/figure>\n\n\n\n<p id=\"m62126-62125-62127\">El juez Deiby Timoteo Peguero, del S\u00e9ptimo Juzgado de la Instrucci\u00f3n del Distrito Nacional, ratific\u00f3 la prisi\u00f3n preventiva en contra de Santiago Hazim, y otros siete imputados vinculados al desfalco del Seguro Nacional de Salud (Senasa).<\/p>\n\n\n\n<p id=\"m62131-62130-62132\">Durante la audiencia de revisi\u00f3n de la medida de coerci\u00f3n, el tribunal determin\u00f3 que no han variado los presupuestos que dieron origen a la medida original, asegurando que la privaci\u00f3n de libertad sigue siendo la v\u00eda id\u00f3nea para garantizar la presencia del encartado en el proceso.<\/p>\n\n\n\n<p id=\"m62136-62135-62137\">En ese sentido, dispuso el mantenimiento en prisi\u00f3n de Santiago Hazim, Rafael Luis Mart\u00ednez Hazim, Gustavo Enrique Messina Cruz, Germ\u00e1n Rafael Robles Qui\u00f1ones, Francisco Iv\u00e1n Minaya P\u00e9rez, Ram\u00f3n Alan Spiekler Mateo y Ada Ledesma<\/p>\n\n\n\n<p id=\"m62141-62140-62142\">El juez consider\u00f3 que persiste el riesgo de incomparecencia, derivado de la gravedad de los hechos imputados y el da\u00f1o que debe ser resarcido al Estado.<\/p>\n\n\n\n<p id=\"m62146-62145-62147\">Atendiendo a la posible pena imponible seg\u00fan la calificaci\u00f3n jur\u00eddica presentada por el Ministerio P\u00fablico, la prisi\u00f3n preventiva se considera una medida equilibrada.<\/p>\n\n\n\n<p id=\"m62151-62150-62152\">Tras analizar la provisionalidad de las medidas de coerci\u00f3n, el tribunal concluy\u00f3 que los elementos de prueba y las circunstancias actuales no justifican el otorgamiento de una libertad bajo fianza o medida menos gravosa.<\/p>\n\n\n\n<p id=\"m62156-62155-62157\">\u00abSe procede a ordenar la continuaci\u00f3n de la prisi\u00f3n preventiva por considerar que no han variado los presupuestos tomados en cuenta al momento de su imposici\u00f3n\u00bb, dictamin\u00f3 el juez en el dispositivo de la resoluci\u00f3n.<\/p>\n\n\n\n<p id=\"m62161-62160-62162\">Asimismo, el juez fij\u00f3 para el pr\u00f3ximo 21 de mayo, la lectura integra de la decisi\u00f3n, fecha a partir de la cual empezar\u00e1n a correr los plazos legales para que las partes interpongan los recursos de apelaci\u00f3n que consideren pertinentes.<\/p>\n\n\n\n<p id=\"m62166-62165-62167\">Igualmente, el tribunal fij\u00f3 para el 30 de julio del presente a\u00f1o el conocimiento de la pr\u00f3xima revisi\u00f3n obligatoria de la medida de coerci\u00f3n, quedando las partes presentes y representadas formalmente citadas para dichas comparecencias.<\/p>\n\n\n\n<div class=\"wp-block-comments\">\n\n\n\n\n\n\t<div id=\"respond\" class=\"comment-respond wp-block-post-comments-form\">\n\t\t<h3 id=\"reply-title\" class=\"comment-reply-title\">Deja una respuesta <small><a rel=\"nofollow\" id=\"cancel-comment-reply-link\" href=\"\/index.php?rest_route=%2Fwp%2Fv2%2Fposts%2F588#respond\" style=\"display:none;\">Cancelar la respuesta<\/a><\/small><\/h3><form action=\"https:\/\/erainformativa.com\/wp-comments-post.php\" method=\"post\" id=\"commentform\" class=\"comment-form\"><p class=\"comment-notes\"><span id=\"email-notes\">Tu direcci\u00f3n de correo electr\u00f3nico no ser\u00e1 publicada.<\/span> <span class=\"required-field-message\">Los campos obligatorios est\u00e1n marcados con <span class=\"required\">*<\/span><\/span><\/p><p class=\"comment-form-comment\"><label for=\"comment\">Comentario <span class=\"required\">*<\/span><\/label> <textarea id=\"comment\" name=\"comment\" cols=\"45\" rows=\"8\" maxlength=\"65525\" required=\"required\"><\/textarea><\/p><p class=\"comment-form-author\"><label for=\"author\">Nombre <span class=\"required\">*<\/span><\/label> <input id=\"author\" name=\"author\" type=\"text\" value=\"\" size=\"30\" maxlength=\"245\" autocomplete=\"name\" required=\"required\" \/><\/p>\n<p class=\"comment-form-email\"><label for=\"email\">Correo electr\u00f3nico <span class=\"required\">*<\/span><\/label> <input id=\"email\" name=\"email\" type=\"text\" value=\"\" size=\"30\" maxlength=\"100\" aria-describedby=\"email-notes\" autocomplete=\"email\" required=\"required\" \/><\/p>\n<p class=\"comment-form-url\"><label for=\"url\">Web<\/label> <input id=\"url\" name=\"url\" type=\"text\" value=\"\" size=\"30\" maxlength=\"200\" autocomplete=\"url\" \/><\/p>\n<p class=\"comment-form-cookies-consent\"><input id=\"wp-comment-cookies-consent\" name=\"wp-comment-cookies-consent\" type=\"checkbox\" value=\"yes\" \/> <label for=\"wp-comment-cookies-consent\">Guarda mi nombre, correo electr\u00f3nico y web en este navegador para la pr\u00f3xima vez que comente.<\/label><\/p>\n<p class=\"form-submit\"><input name=\"submit\" type=\"submit\" id=\"submit\" class=\"submit\" value=\"Publicar el comentario\" \/> <input type='hidden' name='comment_post_ID' value='588' id='comment_post_ID' \/>\n<input type='hidden' name='comment_parent' id='comment_parent' value='0' \/>\n<\/p><\/form>\t<\/div><!-- #respond -->\n\t<\/div>\n","protected":false},"excerpt":{"rendered":"<p>En ese sentido, dispuso el mantenimiento en prisi\u00f3n de Santiago Hazim, Rafael Luis Mart\u00ednez Hazim, Gustavo Enrique Messina Cruz, Germ\u00e1n Rafael Robles Qui\u00f1ones, Francisco Iv\u00e1n Minaya P\u00e9rez, Ram\u00f3n Alan Spiekler Mateo y Ada Ledesma El juez Deiby Timoteo Peguero, del S\u00e9ptimo Juzgado de la Instrucci\u00f3n del Distrito Nacional, ratific\u00f3 la prisi\u00f3n preventiva en contra de [&hellip;]<\/p>\n","protected":false},"author":1,"featured_media":0,"comment_status":"open","ping_status":"open","sticky":false,"template":"","format":"standard","meta":{"dsgo_overlay_header":false,"dsgo_overlay_header_text_color":"","dsgo_overlay_skip_top_bar":false,"_designsetgo_exclude_llms":false,"footnotes":""},"categories":[10,5],"tags":[],"class_list":["post-588","post","type-post","status-publish","format-standard","hentry","category-actualidad","category-noticias"],"_links":{"self":[{"href":"https:\/\/erainformativa.com\/index.php?rest_route=\/wp\/v2\/posts\/588","targetHints":{"allow":["GET"]}}],"collection":[{"href":"https:\/\/erainformativa.com\/index.php?rest_route=\/wp\/v2\/posts"}],"about":[{"href":"https:\/\/erainformativa.com\/index.php?rest_route=\/wp\/v2\/types\/post"}],"author":[{"embeddable":true,"href":"https:\/\/erainformativa.com\/index.php?rest_route=\/wp\/v2\/users\/1"}],"replies":[{"embeddable":true,"href":"https:\/\/erainformativa.com\/index.php?rest_route=%2Fwp%2Fv2%2Fcomments&post=588"}],"version-history":[{"count":1,"href":"https:\/\/erainformativa.com\/index.php?rest_route=\/wp\/v2\/posts\/588\/revisions"}],"predecessor-version":[{"id":590,"href":"https:\/\/erainformativa.com\/index.php?rest_route=\/wp\/v2\/posts\/588\/revisions\/590"}],"wp:attachment":[{"href":"https:\/\/erainformativa.com\/index.php?rest_route=%2Fwp%2Fv2%2Fmedia&parent=588"}],"wp:term":[{"taxonomy":"category","embeddable":true,"href":"https:\/\/erainformativa.com\/index.php?rest_route=%2Fwp%2Fv2%2Fcategories&post=588"},{"taxonomy":"post_tag","embeddable":true,"href":"https:\/\/erainformativa.com\/index.php?rest_route=%2Fwp%2Fv2%2Ftags&post=588"}],"curies":[{"name":"wp","href":"https:\/\/api.w.org\/{rel}","templated":true}]}}