{"id":583,"date":"2026-04-30T16:06:46","date_gmt":"2026-04-30T20:06:46","guid":{"rendered":"https:\/\/erainformativa.com\/?p=583"},"modified":"2026-04-30T16:06:47","modified_gmt":"2026-04-30T20:06:47","slug":"tras-llamado-y-busqueda-policial-se-entrego-gordo-baba-buscado-por-doble-homicidio-en-santiago","status":"publish","type":"post","link":"https:\/\/erainformativa.com\/?p=583","title":{"rendered":"Tras llamado y b\u00fasqueda policial se entreg\u00f3 \u201cGordo Baba\u201d, buscado por doble homicidio en Santiago"},"content":{"rendered":"<div class=\"wp-block-post-date\"><time datetime=\"2026-04-30T20:06:29.759Z\">30 de abril de 2026<\/time><\/div>\n\n\n<figure class=\"wp-block-video\"><video height=\"960\" style=\"aspect-ratio: 540 \/ 960;\" width=\"540\" controls src=\"https:\/\/erainformativa.com\/wp-content\/uploads\/2026\/04\/Tras-llamado-y-busqueda-policial-se-entrego-Gordo-Baba-buscado-por-doble-homicidio-en-Santiag.mp4\"><\/video><\/figure>\n\n\n\n<p>Santiago de los Caballeros.\u2013 La Polic\u00eda Nacional informa que, tras el llamado p\u00fablico de entrega y la difusi\u00f3n de su b\u00fasqueda, se present\u00f3 de manera voluntaria ante el Departamento de Homicidios de esta ciudad el nombrado Raimi de Jes\u00fas Brito Parra, alias \u201cGordo Baba\u201d, de 27 a\u00f1os, quien era activamente buscado mediante orden de arresto Auto No. 2026-AJ0031524.<\/p>\n\n\n\n<p>El individuo se present\u00f3 en compa\u00f1\u00eda de su representante legal, para responder por los se\u00f1alamientos en su contra como presunto autor de causar la muerte por heridas de arma de fuego a Albert Amauris L\u00f3pez (a) \u201cChapo\u201d y Frailyn Manuel de Jes\u00fas Le\u00f3n (a) \u201cGordo\u201d, as\u00ed como de ocasionar heridas a Juan Jos\u00e9 Garc\u00eda Ventura.<\/p>\n\n\n\n<p>De acuerdo con el informe preliminar, el hecho que se le imputa ocurri\u00f3 el 20 de marzo de 2026, en la calle No. 14 del sector Fondo de la Botella, distrito municipal Santiago Oeste (Cienfuegos), presuntamente motivado por viejas rencillas vinculadas a la venta y distribuci\u00f3n de sustancias controladas.<\/p>\n\n\n\n<p>La Polic\u00eda Nacional reitera su compromiso de continuar trabajando en el esclarecimiento de los hechos y el fortalecimiento de la seguridad ciudadana.<\/p>\n\n\n\n<p>El detenido ser\u00e1 puesto a disposici\u00f3n del Ministerio P\u00fablico para los fines legales correspondientes.<\/p>\n\n\n\n<div class=\"wp-block-comments\">\n\n\n\n\n\n\t<div id=\"respond\" class=\"comment-respond wp-block-post-comments-form\">\n\t\t<h3 id=\"reply-title\" class=\"comment-reply-title\">Deja una respuesta <small><a rel=\"nofollow\" id=\"cancel-comment-reply-link\" href=\"\/index.php?rest_route=%2Fwp%2Fv2%2Fposts%2F583#respond\" style=\"display:none;\">Cancelar la respuesta<\/a><\/small><\/h3><form action=\"https:\/\/erainformativa.com\/wp-comments-post.php\" method=\"post\" id=\"commentform\" class=\"comment-form\"><p class=\"comment-notes\"><span id=\"email-notes\">Tu direcci\u00f3n de correo electr\u00f3nico no ser\u00e1 publicada.<\/span> <span class=\"required-field-message\">Los campos obligatorios est\u00e1n marcados con <span class=\"required\">*<\/span><\/span><\/p><p class=\"comment-form-comment\"><label for=\"comment\">Comentario <span class=\"required\">*<\/span><\/label> <textarea id=\"comment\" name=\"comment\" cols=\"45\" rows=\"8\" maxlength=\"65525\" required=\"required\"><\/textarea><\/p><p class=\"comment-form-author\"><label for=\"author\">Nombre <span class=\"required\">*<\/span><\/label> <input id=\"author\" name=\"author\" type=\"text\" value=\"\" size=\"30\" maxlength=\"245\" autocomplete=\"name\" required=\"required\" \/><\/p>\n<p class=\"comment-form-email\"><label for=\"email\">Correo electr\u00f3nico <span class=\"required\">*<\/span><\/label> <input id=\"email\" name=\"email\" type=\"text\" value=\"\" size=\"30\" maxlength=\"100\" aria-describedby=\"email-notes\" autocomplete=\"email\" required=\"required\" \/><\/p>\n<p class=\"comment-form-url\"><label for=\"url\">Web<\/label> <input id=\"url\" name=\"url\" type=\"text\" value=\"\" size=\"30\" maxlength=\"200\" autocomplete=\"url\" \/><\/p>\n<p class=\"comment-form-cookies-consent\"><input id=\"wp-comment-cookies-consent\" name=\"wp-comment-cookies-consent\" type=\"checkbox\" value=\"yes\" \/> <label for=\"wp-comment-cookies-consent\">Guarda mi nombre, correo electr\u00f3nico y web en este navegador para la pr\u00f3xima vez que comente.<\/label><\/p>\n<p class=\"form-submit\"><input name=\"submit\" type=\"submit\" id=\"submit\" class=\"submit\" value=\"Publicar el comentario\" \/> <input type='hidden' name='comment_post_ID' value='583' id='comment_post_ID' \/>\n<input type='hidden' name='comment_parent' id='comment_parent' value='0' \/>\n<\/p><\/form>\t<\/div><!-- #respond -->\n\t<\/div>\n","protected":false},"excerpt":{"rendered":"<p>Santiago de los Caballeros.\u2013 La Polic\u00eda Nacional informa que, tras el llamado p\u00fablico de entrega y la difusi\u00f3n de su b\u00fasqueda, se present\u00f3 de manera voluntaria ante el Departamento de Homicidios de esta ciudad el nombrado Raimi de Jes\u00fas Brito Parra, alias \u201cGordo Baba\u201d, de 27 a\u00f1os, quien era activamente buscado mediante orden de arresto [&hellip;]<\/p>\n","protected":false},"author":1,"featured_media":0,"comment_status":"open","ping_status":"open","sticky":false,"template":"","format":"standard","meta":{"dsgo_overlay_header":false,"dsgo_overlay_header_text_color":"","dsgo_overlay_skip_top_bar":false,"_designsetgo_exclude_llms":false,"footnotes":""},"categories":[10,5],"tags":[],"class_list":["post-583","post","type-post","status-publish","format-standard","hentry","category-actualidad","category-noticias"],"_links":{"self":[{"href":"https:\/\/erainformativa.com\/index.php?rest_route=\/wp\/v2\/posts\/583","targetHints":{"allow":["GET"]}}],"collection":[{"href":"https:\/\/erainformativa.com\/index.php?rest_route=\/wp\/v2\/posts"}],"about":[{"href":"https:\/\/erainformativa.com\/index.php?rest_route=\/wp\/v2\/types\/post"}],"author":[{"embeddable":true,"href":"https:\/\/erainformativa.com\/index.php?rest_route=\/wp\/v2\/users\/1"}],"replies":[{"embeddable":true,"href":"https:\/\/erainformativa.com\/index.php?rest_route=%2Fwp%2Fv2%2Fcomments&post=583"}],"version-history":[{"count":1,"href":"https:\/\/erainformativa.com\/index.php?rest_route=\/wp\/v2\/posts\/583\/revisions"}],"predecessor-version":[{"id":586,"href":"https:\/\/erainformativa.com\/index.php?rest_route=\/wp\/v2\/posts\/583\/revisions\/586"}],"wp:attachment":[{"href":"https:\/\/erainformativa.com\/index.php?rest_route=%2Fwp%2Fv2%2Fmedia&parent=583"}],"wp:term":[{"taxonomy":"category","embeddable":true,"href":"https:\/\/erainformativa.com\/index.php?rest_route=%2Fwp%2Fv2%2Fcategories&post=583"},{"taxonomy":"post_tag","embeddable":true,"href":"https:\/\/erainformativa.com\/index.php?rest_route=%2Fwp%2Fv2%2Ftags&post=583"}],"curies":[{"name":"wp","href":"https:\/\/api.w.org\/{rel}","templated":true}]}}