{"id":570,"date":"2026-04-29T16:17:23","date_gmt":"2026-04-29T20:17:23","guid":{"rendered":"https:\/\/erainformativa.com\/?p=570"},"modified":"2026-04-29T16:20:45","modified_gmt":"2026-04-29T20:20:45","slug":"republica-dominicana-firma-tratado-con-espana-para-fortalecer-la-prevencion-y-deteccion-del-crimen-organizado","status":"publish","type":"post","link":"https:\/\/erainformativa.com\/?p=570","title":{"rendered":"Rep\u00fablica Dominicana firma tratado con Espa\u00f1a para fortalecer la prevenci\u00f3n y detecci\u00f3n del crimen organizado"},"content":{"rendered":"\n<h3 class=\"wp-block-heading\"><\/h3>\n\n\n\n<p>29 de Abril 2026 | 14:55<\/p>\n\n\n\n<figure class=\"wp-block-image\"><img decoding=\"async\" src=\"https:\/\/presidencia.gob.do\/sites\/default\/files\/styles\/large\/public\/news\/2026-04\/Dise%C3%B1o%20sin%20t%C3%ADtulo%20%2859%29.png?itok=lPuBW-XG\" alt=\"Policia\"\/><\/figure>\n\n\n\n<p>Santo Domingo.-&nbsp;<strong>La Rep\u00fablica Dominicana y Espa\u00f1a<\/strong>&nbsp;firmaron un&nbsp;<strong>tratado internacional<\/strong>, con el objetivo de fortalecer la&nbsp;<strong>lucha contra la delincuencia organizada<\/strong>&nbsp;y mejorar los niveles de&nbsp;<strong>seguridad ciudadana<\/strong>&nbsp;en ambos pa\u00edses.&nbsp;<\/p>\n\n\n\n<p>El acuerdo fue suscrito por la ministra de Interior y Polic\u00eda,&nbsp;<strong>Faride&nbsp;<\/strong><strong>Raful<\/strong>, y el ministro de Interior de Espa\u00f1a,&nbsp;<strong>Fernando Grande-Marlaska G\u00f3mez<\/strong>, en el marco de la colaboraci\u00f3n bilateral para&nbsp;<strong>prevenir, detectar e investigar delitos<\/strong>&nbsp;que trascienden fronteras.&nbsp;<\/p>\n\n\n\n<p>El tratado considera la cooperaci\u00f3n en&nbsp;<strong>una amplia gama de delitos<\/strong>, incluyendo el crimen organizado, el tr\u00e1fico de armas, el narcotr\u00e1fico, la trata de personas, los delitos financieros, la ciberdelincuencia, la violencia dom\u00e9stica y de g\u00e9nero, el robo y tr\u00e1fico de veh\u00edculos, el uso ilegal y la falsificaci\u00f3n de documentos de identidad, entre otras acciones delictivas que afectan la seguridad.&nbsp;<\/p>\n\n\n\n<p>Adem\u00e1s, establece mecanismos de intercambio de informaci\u00f3n, investigaciones en conjunto y asistencia operativa, que permitir\u00e1n&nbsp;<strong>fortalecer la identificaci\u00f3n de sospechosos,<\/strong>&nbsp;la b\u00fasqueda de&nbsp;<strong>personas desaparecidas<\/strong>, la localizaci\u00f3n de redes delictivas y la recuperaci\u00f3n de&nbsp;<strong>bienes vinculados a actividades il\u00edcitas.<\/strong>&nbsp;<\/p>\n\n\n\n<figure class=\"wp-block-image\"><img decoding=\"async\" src=\"https:\/\/presidencia.gob.do\/sites\/default\/files\/inline-images\/Dise%C3%B1o%20sin%20t%C3%ADtulo%20%2858%29.png\" alt=\"\"\/><\/figure>\n\n\n\n<p>La&nbsp;ministra&nbsp;Faride&nbsp;Raful&nbsp;destac\u00f3&nbsp;c\u00f3mo&nbsp;este&nbsp;tratado&nbsp;<em>\u201choy&nbsp;ordena&nbsp;esa&nbsp;cooperaci\u00f3n&nbsp;en&nbsp;los&nbsp;frentes&nbsp;que&nbsp;la&nbsp;realidad&nbsp;criminal&nbsp;exige&nbsp;para&nbsp;convertirnos&nbsp;en&nbsp;m\u00e1s&nbsp;capaces,&nbsp;eficientes&nbsp;y&nbsp;m\u00e1s&nbsp;oportunos&nbsp;con&nbsp;esta&nbsp;cooperaci\u00f3n&nbsp;bilateral\u201d.&nbsp;<\/em>Adem\u00e1s,&nbsp;subray\u00f3&nbsp;que&nbsp;el&nbsp;esp\u00edritu&nbsp;que&nbsp;ordena&nbsp;este&nbsp;instrumento&nbsp;est\u00e1&nbsp;basado&nbsp;en&nbsp;la<em>&nbsp;\u201cigualdad,&nbsp;reciprocidad&nbsp;y&nbsp;asistencia&nbsp;mutua,&nbsp;siendo&nbsp;esa&nbsp;la base&nbsp;sobre&nbsp;la&nbsp;que&nbsp;se&nbsp;construye&nbsp;una&nbsp;cooperaci\u00f3n&nbsp;seria y&nbsp;duradera&nbsp;entre&nbsp;estados, y es la forma&nbsp;en&nbsp;que&nbsp;la Rep\u00fablica Dominicana&nbsp;entiende&nbsp;su&nbsp;lugar&nbsp;en&nbsp;el&nbsp;concierto&nbsp;internacional\u201d,&nbsp;<\/em>indic\u00f3&nbsp;la&nbsp;ministra.&nbsp;<\/p>\n\n\n\n<p>Mientras que, el ministro de Interior de Espa\u00f1a reconoci\u00f3 tambi\u00e9n la importancia de este tratado expres\u00f3 que:&nbsp;<em>\u201cHoy damos un paso m\u00e1s en el fortalecimiento de nuestra alianza en materia de seguridad, incorporando un nuevo marco jur\u00eddico que refuerza los mecanismos de colaboraci\u00f3n y promueve el intercambio de informaci\u00f3n, la asistencia t\u00e9cnica y la formaci\u00f3n\u201d.<\/em>&nbsp;<\/p>\n\n\n\n<p>El acuerdo tambi\u00e9n permitir\u00e1 el intercambio de<strong>&nbsp;experiencias, tecnolog\u00edas y buenas pr\u00e1cticas&nbsp;<\/strong>en procesos de investigaci\u00f3n criminal, as\u00ed como la formaci\u00f3n especializada de los cuerpos de seguridad, aportando al fortalecimiento de la seguridad ciudadana.&nbsp;<\/p>\n\n\n\n<p>Con esta firma, ambos pa\u00edses reafirman su compromiso de&nbsp;<strong>trabajar de forma coordinada<\/strong>&nbsp;en materia de seguridad frente a los desaf\u00edos de la criminalidad, en un contexto donde la cooperaci\u00f3n internacional es clave para garantizar&nbsp;<strong>mayor orden y seguridad ciudadana<\/strong>.<\/p>\n\n\n\n<div class=\"wp-block-comments\">\n\n\n\n\n\n\t<div id=\"respond\" class=\"comment-respond wp-block-post-comments-form\">\n\t\t<h3 id=\"reply-title\" class=\"comment-reply-title\">Deja una respuesta <small><a rel=\"nofollow\" id=\"cancel-comment-reply-link\" href=\"\/index.php?rest_route=%2Fwp%2Fv2%2Fposts%2F570#respond\" style=\"display:none;\">Cancelar la respuesta<\/a><\/small><\/h3><form action=\"https:\/\/erainformativa.com\/wp-comments-post.php\" method=\"post\" id=\"commentform\" class=\"comment-form\"><p class=\"comment-notes\"><span id=\"email-notes\">Tu direcci\u00f3n de correo electr\u00f3nico no ser\u00e1 publicada.<\/span> <span class=\"required-field-message\">Los campos obligatorios est\u00e1n marcados con <span class=\"required\">*<\/span><\/span><\/p><p class=\"comment-form-comment\"><label for=\"comment\">Comentario <span class=\"required\">*<\/span><\/label> <textarea id=\"comment\" name=\"comment\" cols=\"45\" rows=\"8\" maxlength=\"65525\" required=\"required\"><\/textarea><\/p><p class=\"comment-form-author\"><label for=\"author\">Nombre <span class=\"required\">*<\/span><\/label> <input id=\"author\" name=\"author\" type=\"text\" value=\"\" size=\"30\" maxlength=\"245\" autocomplete=\"name\" required=\"required\" \/><\/p>\n<p class=\"comment-form-email\"><label for=\"email\">Correo electr\u00f3nico <span class=\"required\">*<\/span><\/label> <input id=\"email\" name=\"email\" type=\"text\" value=\"\" size=\"30\" maxlength=\"100\" aria-describedby=\"email-notes\" autocomplete=\"email\" required=\"required\" \/><\/p>\n<p class=\"comment-form-url\"><label for=\"url\">Web<\/label> <input id=\"url\" name=\"url\" type=\"text\" value=\"\" size=\"30\" maxlength=\"200\" autocomplete=\"url\" \/><\/p>\n<p class=\"comment-form-cookies-consent\"><input id=\"wp-comment-cookies-consent\" name=\"wp-comment-cookies-consent\" type=\"checkbox\" value=\"yes\" \/> <label for=\"wp-comment-cookies-consent\">Guarda mi nombre, correo electr\u00f3nico y web en este navegador para la pr\u00f3xima vez que comente.<\/label><\/p>\n<p class=\"form-submit\"><input name=\"submit\" type=\"submit\" id=\"submit\" class=\"submit\" value=\"Publicar el comentario\" \/> <input type='hidden' name='comment_post_ID' value='570' id='comment_post_ID' \/>\n<input type='hidden' name='comment_parent' id='comment_parent' value='0' \/>\n<\/p><\/form>\t<\/div><!-- #respond -->\n\t<\/div>\n","protected":false},"excerpt":{"rendered":"<p>29 de Abril 2026 | 14:55 Santo Domingo.-&nbsp;La Rep\u00fablica Dominicana y Espa\u00f1a&nbsp;firmaron un&nbsp;tratado internacional, con el objetivo de fortalecer la&nbsp;lucha contra la delincuencia organizada&nbsp;y mejorar los niveles de&nbsp;seguridad ciudadana&nbsp;en ambos pa\u00edses.&nbsp; El acuerdo fue suscrito por la ministra de Interior y Polic\u00eda,&nbsp;Faride&nbsp;Raful, y el ministro de Interior de Espa\u00f1a,&nbsp;Fernando Grande-Marlaska G\u00f3mez, en el marco de [&hellip;]<\/p>\n","protected":false},"author":1,"featured_media":0,"comment_status":"open","ping_status":"open","sticky":false,"template":"","format":"standard","meta":{"dsgo_overlay_header":false,"dsgo_overlay_header_text_color":"","dsgo_overlay_skip_top_bar":false,"_designsetgo_exclude_llms":false,"footnotes":""},"categories":[10],"tags":[],"class_list":["post-570","post","type-post","status-publish","format-standard","hentry","category-actualidad"],"_links":{"self":[{"href":"https:\/\/erainformativa.com\/index.php?rest_route=\/wp\/v2\/posts\/570","targetHints":{"allow":["GET"]}}],"collection":[{"href":"https:\/\/erainformativa.com\/index.php?rest_route=\/wp\/v2\/posts"}],"about":[{"href":"https:\/\/erainformativa.com\/index.php?rest_route=\/wp\/v2\/types\/post"}],"author":[{"embeddable":true,"href":"https:\/\/erainformativa.com\/index.php?rest_route=\/wp\/v2\/users\/1"}],"replies":[{"embeddable":true,"href":"https:\/\/erainformativa.com\/index.php?rest_route=%2Fwp%2Fv2%2Fcomments&post=570"}],"version-history":[{"count":1,"href":"https:\/\/erainformativa.com\/index.php?rest_route=\/wp\/v2\/posts\/570\/revisions"}],"predecessor-version":[{"id":572,"href":"https:\/\/erainformativa.com\/index.php?rest_route=\/wp\/v2\/posts\/570\/revisions\/572"}],"wp:attachment":[{"href":"https:\/\/erainformativa.com\/index.php?rest_route=%2Fwp%2Fv2%2Fmedia&parent=570"}],"wp:term":[{"taxonomy":"category","embeddable":true,"href":"https:\/\/erainformativa.com\/index.php?rest_route=%2Fwp%2Fv2%2Fcategories&post=570"},{"taxonomy":"post_tag","embeddable":true,"href":"https:\/\/erainformativa.com\/index.php?rest_route=%2Fwp%2Fv2%2Ftags&post=570"}],"curies":[{"name":"wp","href":"https:\/\/api.w.org\/{rel}","templated":true}]}}