{"id":564,"date":"2026-04-29T15:45:13","date_gmt":"2026-04-29T19:45:13","guid":{"rendered":"https:\/\/erainformativa.com\/?p=564"},"modified":"2026-04-29T15:45:13","modified_gmt":"2026-04-29T19:45:13","slug":"coraasan-intensifica-sus-jornadas-de-concienciacion-sobre-el-agua-en-centros-educativos","status":"publish","type":"post","link":"https:\/\/erainformativa.com\/?p=564","title":{"rendered":"Coraasan intensifica sus jornadas de concienciaci\u00f3n sobre el agua en centros educativos"},"content":{"rendered":"<div class=\"wp-block-post-date\"><time datetime=\"2026-04-29T19:43:36.268Z\">29 de abril de 2026<\/time><\/div>\n\n\n<figure class=\"wp-block-image size-large\"><img loading=\"lazy\" decoding=\"async\" width=\"1024\" height=\"682\" src=\"https:\/\/erainformativa.com\/wp-content\/uploads\/2026\/04\/WhatsApp-Image-2026-04-29-at-3.37.10-PM-1024x682.jpeg\" alt=\"\" class=\"wp-image-565\" srcset=\"https:\/\/erainformativa.com\/wp-content\/uploads\/2026\/04\/WhatsApp-Image-2026-04-29-at-3.37.10-PM-1024x682.jpeg 1024w, https:\/\/erainformativa.com\/wp-content\/uploads\/2026\/04\/WhatsApp-Image-2026-04-29-at-3.37.10-PM-300x200.jpeg 300w, https:\/\/erainformativa.com\/wp-content\/uploads\/2026\/04\/WhatsApp-Image-2026-04-29-at-3.37.10-PM-768x512.jpeg 768w, https:\/\/erainformativa.com\/wp-content\/uploads\/2026\/04\/WhatsApp-Image-2026-04-29-at-3.37.10-PM-1536x1023.jpeg 1536w, https:\/\/erainformativa.com\/wp-content\/uploads\/2026\/04\/WhatsApp-Image-2026-04-29-at-3.37.10-PM.jpeg 1600w\" sizes=\"auto, (max-width: 1024px) 100vw, 1024px\" \/><\/figure>\n\n\n\n<p>Santiago.- La Corporaci\u00f3n del Acueducto y Alcantarillado de Santiago (CORAASAN), a trav\u00e9s del departamento Cultura del Agua de la direcci\u00f3n de Gesti\u00f3n Social, como parte de su compromiso social con la educaci\u00f3n realiz\u00f3 en el Polit\u00e9cnico Mar\u00eda Luisa Cris\u00f3stomo de Los Rieles de Gurabo, una charla de concienciaci\u00f3n sobre la importancia del agua y los procesos por los que pasa hasta llegar a los hogares.<\/p>\n\n\n\n<p>El director general de Coraasan, Ing. Andr\u00e9s Cueto, comparti\u00f3 con los estudiantes de cuarto y quinto del t\u00e9cnico de Salud Ambiental, la ponencia \u00abEl Agua como Fuente de Vida\u00bb, enfatizando en que peque\u00f1as acciones contribuyen al cuidado del agua y la preservaci\u00f3n del medio ambiente.<\/p>\n\n\n\n<p>Inst\u00f3 a los estudiantes a hacer de la disciplina un h\u00e1bito que les llevar\u00e1 hacia el \u00e9xito en todo lo que se propongan.<\/p>\n\n\n\n<figure class=\"wp-block-image size-large\"><img loading=\"lazy\" decoding=\"async\" width=\"1024\" height=\"682\" src=\"https:\/\/erainformativa.com\/wp-content\/uploads\/2026\/04\/WhatsApp-Image-2026-04-29-at-3.37.10-PM-1-1024x682.jpeg\" alt=\"\" class=\"wp-image-566\" srcset=\"https:\/\/erainformativa.com\/wp-content\/uploads\/2026\/04\/WhatsApp-Image-2026-04-29-at-3.37.10-PM-1-1024x682.jpeg 1024w, https:\/\/erainformativa.com\/wp-content\/uploads\/2026\/04\/WhatsApp-Image-2026-04-29-at-3.37.10-PM-1-300x200.jpeg 300w, https:\/\/erainformativa.com\/wp-content\/uploads\/2026\/04\/WhatsApp-Image-2026-04-29-at-3.37.10-PM-1-768x512.jpeg 768w, https:\/\/erainformativa.com\/wp-content\/uploads\/2026\/04\/WhatsApp-Image-2026-04-29-at-3.37.10-PM-1-1536x1023.jpeg 1536w, https:\/\/erainformativa.com\/wp-content\/uploads\/2026\/04\/WhatsApp-Image-2026-04-29-at-3.37.10-PM-1.jpeg 1600w\" sizes=\"auto, (max-width: 1024px) 100vw, 1024px\" \/><\/figure>\n\n\n\n<p>Asimismo, el funcionario realiz\u00f3 un recorrido por los stands de la \u00abFeria de Emprendimiento\u00bb que se realiza en ese centro educativo, iniciativa que afirm\u00f3, muestra la creatividad, la innovaci\u00f3n y el talento de los j\u00f3venes.<\/p>\n\n\n\n<p>Finalmente, Cueto exhort\u00f3 a los estudiantes a tener como norte la disciplina, tal y como lo hicieron Jesucristo, Juan Pablo Duarte e Isaac Newton, as\u00ed como otras personalidades que han dejado un legado al atesorarla. Asimismo, los motiv\u00f3 a escuchar a sus padres y maestros.<\/p>\n\n\n\n<figure class=\"wp-block-image size-large\"><img loading=\"lazy\" decoding=\"async\" width=\"1024\" height=\"682\" src=\"https:\/\/erainformativa.com\/wp-content\/uploads\/2026\/04\/WhatsApp-Image-2026-04-29-at-3.37.09-PM-1024x682.jpeg\" alt=\"\" class=\"wp-image-567\" srcset=\"https:\/\/erainformativa.com\/wp-content\/uploads\/2026\/04\/WhatsApp-Image-2026-04-29-at-3.37.09-PM-1024x682.jpeg 1024w, https:\/\/erainformativa.com\/wp-content\/uploads\/2026\/04\/WhatsApp-Image-2026-04-29-at-3.37.09-PM-300x200.jpeg 300w, https:\/\/erainformativa.com\/wp-content\/uploads\/2026\/04\/WhatsApp-Image-2026-04-29-at-3.37.09-PM-768x512.jpeg 768w, https:\/\/erainformativa.com\/wp-content\/uploads\/2026\/04\/WhatsApp-Image-2026-04-29-at-3.37.09-PM-1536x1023.jpeg 1536w, https:\/\/erainformativa.com\/wp-content\/uploads\/2026\/04\/WhatsApp-Image-2026-04-29-at-3.37.09-PM.jpeg 1600w\" sizes=\"auto, (max-width: 1024px) 100vw, 1024px\" \/><\/figure>\n\n\n\n<p>De su parte, el director del Polit\u00e9cnico Mar\u00eda Luisa Cris\u00f3stomo, Emilio Ulloa, exhort\u00f3 a los estudiantes a poner en pr\u00e1ctica las ense\u00f1anzas de la conferencia, as\u00ed como las experiencias compartidas por el ingeniero Cueto, al tiempo de agradecer su disposici\u00f3n para compartir con los alumnos y profesores.<\/p>\n\n\n\n<p>En el acto estuvieron presentes: Jos\u00e9 Roberto V\u00e1squez, coordinador del Departamento T\u00e9cnico Profesional del polit\u00e9cnico; Robin Rodr\u00edguez, coordinador de \u00c1rea Acad\u00e9mica del centro educativo; la docente de la asignatura Agua y Salud del \u00c1rea T\u00e9cnica, Carmen Aquino; el director de Control Administrativo de Coraasan, Alfonso Morel; la directora de Gesti\u00f3n Social de Coraasan, Mar\u00eda Teresa Le\u00f3n; la encargada del departamento de Cultura del Agua de Coraasan, Cinthia Carrasco; el director de Mantenimiento y Edificaciones de Coraasan,Darwin Dur\u00e1n y el director de Seguridad de Coraasan, Carlos Mena, entre otras personalidades.<\/p>\n\n\n\n<figure class=\"wp-block-image size-large\"><img loading=\"lazy\" decoding=\"async\" width=\"1024\" height=\"576\" src=\"https:\/\/erainformativa.com\/wp-content\/uploads\/2026\/04\/WhatsApp-Image-2026-04-29-at-3.37.09-PM-1-1024x576.jpeg\" alt=\"\" class=\"wp-image-568\" srcset=\"https:\/\/erainformativa.com\/wp-content\/uploads\/2026\/04\/WhatsApp-Image-2026-04-29-at-3.37.09-PM-1-1024x576.jpeg 1024w, https:\/\/erainformativa.com\/wp-content\/uploads\/2026\/04\/WhatsApp-Image-2026-04-29-at-3.37.09-PM-1-300x169.jpeg 300w, https:\/\/erainformativa.com\/wp-content\/uploads\/2026\/04\/WhatsApp-Image-2026-04-29-at-3.37.09-PM-1-768x432.jpeg 768w, https:\/\/erainformativa.com\/wp-content\/uploads\/2026\/04\/WhatsApp-Image-2026-04-29-at-3.37.09-PM-1-1536x864.jpeg 1536w, https:\/\/erainformativa.com\/wp-content\/uploads\/2026\/04\/WhatsApp-Image-2026-04-29-at-3.37.09-PM-1.jpeg 1599w\" sizes=\"auto, (max-width: 1024px) 100vw, 1024px\" \/><\/figure>\n\n\n\n<div class=\"wp-block-comments\">\n\n\n\n\n\n\t<div id=\"respond\" class=\"comment-respond wp-block-post-comments-form\">\n\t\t<h3 id=\"reply-title\" class=\"comment-reply-title\">Deja una respuesta <small><a rel=\"nofollow\" id=\"cancel-comment-reply-link\" href=\"\/index.php?rest_route=%2Fwp%2Fv2%2Fposts%2F564#respond\" style=\"display:none;\">Cancelar la respuesta<\/a><\/small><\/h3><form action=\"https:\/\/erainformativa.com\/wp-comments-post.php\" method=\"post\" id=\"commentform\" class=\"comment-form\"><p class=\"comment-notes\"><span id=\"email-notes\">Tu direcci\u00f3n de correo electr\u00f3nico no ser\u00e1 publicada.<\/span> <span class=\"required-field-message\">Los campos obligatorios est\u00e1n marcados con <span class=\"required\">*<\/span><\/span><\/p><p class=\"comment-form-comment\"><label for=\"comment\">Comentario <span class=\"required\">*<\/span><\/label> <textarea id=\"comment\" name=\"comment\" cols=\"45\" rows=\"8\" maxlength=\"65525\" required=\"required\"><\/textarea><\/p><p class=\"comment-form-author\"><label for=\"author\">Nombre <span class=\"required\">*<\/span><\/label> <input id=\"author\" name=\"author\" type=\"text\" value=\"\" size=\"30\" maxlength=\"245\" autocomplete=\"name\" required=\"required\" \/><\/p>\n<p class=\"comment-form-email\"><label for=\"email\">Correo electr\u00f3nico <span class=\"required\">*<\/span><\/label> <input id=\"email\" name=\"email\" type=\"text\" value=\"\" size=\"30\" maxlength=\"100\" aria-describedby=\"email-notes\" autocomplete=\"email\" required=\"required\" \/><\/p>\n<p class=\"comment-form-url\"><label for=\"url\">Web<\/label> <input id=\"url\" name=\"url\" type=\"text\" value=\"\" size=\"30\" maxlength=\"200\" autocomplete=\"url\" \/><\/p>\n<p class=\"comment-form-cookies-consent\"><input id=\"wp-comment-cookies-consent\" name=\"wp-comment-cookies-consent\" type=\"checkbox\" value=\"yes\" \/> <label for=\"wp-comment-cookies-consent\">Guarda mi nombre, correo electr\u00f3nico y web en este navegador para la pr\u00f3xima vez que comente.<\/label><\/p>\n<p class=\"form-submit\"><input name=\"submit\" type=\"submit\" id=\"submit\" class=\"submit\" value=\"Publicar el comentario\" \/> <input type='hidden' name='comment_post_ID' value='564' id='comment_post_ID' \/>\n<input type='hidden' name='comment_parent' id='comment_parent' value='0' \/>\n<\/p><\/form>\t<\/div><!-- #respond -->\n\t<\/div>\n","protected":false},"excerpt":{"rendered":"<p>Santiago.- La Corporaci\u00f3n del Acueducto y Alcantarillado de Santiago (CORAASAN), a trav\u00e9s del departamento Cultura del Agua de la direcci\u00f3n de Gesti\u00f3n Social, como parte de su compromiso social con la educaci\u00f3n realiz\u00f3 en el Polit\u00e9cnico Mar\u00eda Luisa Cris\u00f3stomo de Los Rieles de Gurabo, una charla de concienciaci\u00f3n sobre la importancia del agua y los [&hellip;]<\/p>\n","protected":false},"author":1,"featured_media":0,"comment_status":"open","ping_status":"open","sticky":false,"template":"","format":"standard","meta":{"dsgo_overlay_header":false,"dsgo_overlay_header_text_color":"","dsgo_overlay_skip_top_bar":false,"_designsetgo_exclude_llms":false,"footnotes":""},"categories":[10,5],"tags":[],"class_list":["post-564","post","type-post","status-publish","format-standard","hentry","category-actualidad","category-noticias"],"_links":{"self":[{"href":"https:\/\/erainformativa.com\/index.php?rest_route=\/wp\/v2\/posts\/564","targetHints":{"allow":["GET"]}}],"collection":[{"href":"https:\/\/erainformativa.com\/index.php?rest_route=\/wp\/v2\/posts"}],"about":[{"href":"https:\/\/erainformativa.com\/index.php?rest_route=\/wp\/v2\/types\/post"}],"author":[{"embeddable":true,"href":"https:\/\/erainformativa.com\/index.php?rest_route=\/wp\/v2\/users\/1"}],"replies":[{"embeddable":true,"href":"https:\/\/erainformativa.com\/index.php?rest_route=%2Fwp%2Fv2%2Fcomments&post=564"}],"version-history":[{"count":1,"href":"https:\/\/erainformativa.com\/index.php?rest_route=\/wp\/v2\/posts\/564\/revisions"}],"predecessor-version":[{"id":569,"href":"https:\/\/erainformativa.com\/index.php?rest_route=\/wp\/v2\/posts\/564\/revisions\/569"}],"wp:attachment":[{"href":"https:\/\/erainformativa.com\/index.php?rest_route=%2Fwp%2Fv2%2Fmedia&parent=564"}],"wp:term":[{"taxonomy":"category","embeddable":true,"href":"https:\/\/erainformativa.com\/index.php?rest_route=%2Fwp%2Fv2%2Fcategories&post=564"},{"taxonomy":"post_tag","embeddable":true,"href":"https:\/\/erainformativa.com\/index.php?rest_route=%2Fwp%2Fv2%2Ftags&post=564"}],"curies":[{"name":"wp","href":"https:\/\/api.w.org\/{rel}","templated":true}]}}