{"id":560,"date":"2026-04-29T15:41:49","date_gmt":"2026-04-29T19:41:49","guid":{"rendered":"https:\/\/erainformativa.com\/?p=560"},"modified":"2026-04-29T15:41:50","modified_gmt":"2026-04-29T19:41:50","slug":"piloto-resulta-herido-tras-accidente-de-avioneta-en-dajabon","status":"publish","type":"post","link":"https:\/\/erainformativa.com\/?p=560","title":{"rendered":"Piloto resulta herido tras accidente de avioneta en Dajab\u00f3n"},"content":{"rendered":"<div class=\"wp-block-post-date\"><time datetime=\"2026-04-29T19:40:52.719Z\">29 de abril de 2026<\/time><\/div>\n\n\n<p>Dajab\u00f3n, Rep\u00fablica Dominicana.\u2013 La Defensa Civil de la Rep\u00fablica Dominicana inform\u00f3 que traslad\u00f3 a un centro de salud al piloto de una avioneta que se accident\u00f3 este mi\u00e9rcoles en las proximidades de la base a\u00e9rea de esta provincia.<\/p>\n\n\n\n<figure class=\"wp-block-video\"><video height=\"718\" style=\"aspect-ratio: 992 \/ 718;\" width=\"992\" controls src=\"https:\/\/erainformativa.com\/wp-content\/uploads\/2026\/04\/DCInforma-\ud83d\udde3\ufe0fLa-DefensaCivilRD-en-Dajabon-traslado-a-un-centro-de-salud-local-al-piloto-de-un.mp4\"><\/video><\/figure>\n\n\n\n<p>De acuerdo con el reporte, la aeronave hab\u00eda despegado con destino a Mao, pero se incendi\u00f3 poco despu\u00e9s de iniciar el vuelo, lo que oblig\u00f3 a una r\u00e1pida intervenci\u00f3n de los bomberos.<\/p>\n\n\n\n<p>El piloto fue asistido de inmediato por los organismos de emergencia, mientras las autoridades investigan las causas del incidente.<\/p>\n\n\n\n<div class=\"wp-block-comments\">\n\n\n\n\n\n\t<div id=\"respond\" class=\"comment-respond wp-block-post-comments-form\">\n\t\t<h3 id=\"reply-title\" class=\"comment-reply-title\">Deja una respuesta <small><a rel=\"nofollow\" id=\"cancel-comment-reply-link\" href=\"\/index.php?rest_route=%2Fwp%2Fv2%2Fposts%2F560#respond\" style=\"display:none;\">Cancelar la respuesta<\/a><\/small><\/h3><form action=\"https:\/\/erainformativa.com\/wp-comments-post.php\" method=\"post\" id=\"commentform\" class=\"comment-form\"><p class=\"comment-notes\"><span id=\"email-notes\">Tu direcci\u00f3n de correo electr\u00f3nico no ser\u00e1 publicada.<\/span> <span class=\"required-field-message\">Los campos obligatorios est\u00e1n marcados con <span class=\"required\">*<\/span><\/span><\/p><p class=\"comment-form-comment\"><label for=\"comment\">Comentario <span class=\"required\">*<\/span><\/label> <textarea id=\"comment\" name=\"comment\" cols=\"45\" rows=\"8\" maxlength=\"65525\" required=\"required\"><\/textarea><\/p><p class=\"comment-form-author\"><label for=\"author\">Nombre <span class=\"required\">*<\/span><\/label> <input id=\"author\" name=\"author\" type=\"text\" value=\"\" size=\"30\" maxlength=\"245\" autocomplete=\"name\" required=\"required\" \/><\/p>\n<p class=\"comment-form-email\"><label for=\"email\">Correo electr\u00f3nico <span class=\"required\">*<\/span><\/label> <input id=\"email\" name=\"email\" type=\"text\" value=\"\" size=\"30\" maxlength=\"100\" aria-describedby=\"email-notes\" autocomplete=\"email\" required=\"required\" \/><\/p>\n<p class=\"comment-form-url\"><label for=\"url\">Web<\/label> <input id=\"url\" name=\"url\" type=\"text\" value=\"\" size=\"30\" maxlength=\"200\" autocomplete=\"url\" \/><\/p>\n<p class=\"comment-form-cookies-consent\"><input id=\"wp-comment-cookies-consent\" name=\"wp-comment-cookies-consent\" type=\"checkbox\" value=\"yes\" \/> <label for=\"wp-comment-cookies-consent\">Guarda mi nombre, correo electr\u00f3nico y web en este navegador para la pr\u00f3xima vez que comente.<\/label><\/p>\n<p class=\"form-submit\"><input name=\"submit\" type=\"submit\" id=\"submit\" class=\"submit\" value=\"Publicar el comentario\" \/> <input type='hidden' name='comment_post_ID' value='560' id='comment_post_ID' \/>\n<input type='hidden' name='comment_parent' id='comment_parent' value='0' \/>\n<\/p><\/form>\t<\/div><!-- #respond -->\n\t<\/div>\n","protected":false},"excerpt":{"rendered":"<p>Dajab\u00f3n, Rep\u00fablica Dominicana.\u2013 La Defensa Civil de la Rep\u00fablica Dominicana inform\u00f3 que traslad\u00f3 a un centro de salud al piloto de una avioneta que se accident\u00f3 este mi\u00e9rcoles en las proximidades de la base a\u00e9rea de esta provincia. De acuerdo con el reporte, la aeronave hab\u00eda despegado con destino a Mao, pero se incendi\u00f3 poco [&hellip;]<\/p>\n","protected":false},"author":1,"featured_media":0,"comment_status":"open","ping_status":"open","sticky":false,"template":"","format":"standard","meta":{"dsgo_overlay_header":false,"dsgo_overlay_header_text_color":"","dsgo_overlay_skip_top_bar":false,"_designsetgo_exclude_llms":false,"footnotes":""},"categories":[10,5],"tags":[],"class_list":["post-560","post","type-post","status-publish","format-standard","hentry","category-actualidad","category-noticias"],"_links":{"self":[{"href":"https:\/\/erainformativa.com\/index.php?rest_route=\/wp\/v2\/posts\/560","targetHints":{"allow":["GET"]}}],"collection":[{"href":"https:\/\/erainformativa.com\/index.php?rest_route=\/wp\/v2\/posts"}],"about":[{"href":"https:\/\/erainformativa.com\/index.php?rest_route=\/wp\/v2\/types\/post"}],"author":[{"embeddable":true,"href":"https:\/\/erainformativa.com\/index.php?rest_route=\/wp\/v2\/users\/1"}],"replies":[{"embeddable":true,"href":"https:\/\/erainformativa.com\/index.php?rest_route=%2Fwp%2Fv2%2Fcomments&post=560"}],"version-history":[{"count":1,"href":"https:\/\/erainformativa.com\/index.php?rest_route=\/wp\/v2\/posts\/560\/revisions"}],"predecessor-version":[{"id":563,"href":"https:\/\/erainformativa.com\/index.php?rest_route=\/wp\/v2\/posts\/560\/revisions\/563"}],"wp:attachment":[{"href":"https:\/\/erainformativa.com\/index.php?rest_route=%2Fwp%2Fv2%2Fmedia&parent=560"}],"wp:term":[{"taxonomy":"category","embeddable":true,"href":"https:\/\/erainformativa.com\/index.php?rest_route=%2Fwp%2Fv2%2Fcategories&post=560"},{"taxonomy":"post_tag","embeddable":true,"href":"https:\/\/erainformativa.com\/index.php?rest_route=%2Fwp%2Fv2%2Ftags&post=560"}],"curies":[{"name":"wp","href":"https:\/\/api.w.org\/{rel}","templated":true}]}}