{"id":555,"date":"2026-04-28T18:17:17","date_gmt":"2026-04-28T22:17:17","guid":{"rendered":"https:\/\/erainformativa.com\/?p=555"},"modified":"2026-04-28T18:17:18","modified_gmt":"2026-04-28T22:17:18","slug":"bnya-resalta-sus-raices-dominicanas-al-lanzar-en-merengue-su-exitoso-tema-positivo","status":"publish","type":"post","link":"https:\/\/erainformativa.com\/?p=555","title":{"rendered":"BNYA resalta sus ra\u00edces dominicanas al lanzar en merengue su exitoso tema \u201cPositivo\u201d"},"content":{"rendered":"<div class=\"wp-block-post-date\"><time datetime=\"2026-04-28T22:16:55.554Z\">28 de abril de 2026<\/time><\/div>\n\n\n<figure class=\"wp-block-image size-large\"><img loading=\"lazy\" decoding=\"async\" width=\"682\" height=\"1024\" src=\"https:\/\/erainformativa.com\/wp-content\/uploads\/2026\/04\/WhatsApp-Image-2026-04-28-at-5.28.25-PM-1-682x1024.jpeg\" alt=\"\" class=\"wp-image-556\" srcset=\"https:\/\/erainformativa.com\/wp-content\/uploads\/2026\/04\/WhatsApp-Image-2026-04-28-at-5.28.25-PM-1-682x1024.jpeg 682w, https:\/\/erainformativa.com\/wp-content\/uploads\/2026\/04\/WhatsApp-Image-2026-04-28-at-5.28.25-PM-1-200x300.jpeg 200w, https:\/\/erainformativa.com\/wp-content\/uploads\/2026\/04\/WhatsApp-Image-2026-04-28-at-5.28.25-PM-1-768x1153.jpeg 768w, https:\/\/erainformativa.com\/wp-content\/uploads\/2026\/04\/WhatsApp-Image-2026-04-28-at-5.28.25-PM-1-1023x1536.jpeg 1023w, https:\/\/erainformativa.com\/wp-content\/uploads\/2026\/04\/WhatsApp-Image-2026-04-28-at-5.28.25-PM-1.jpeg 1066w\" sizes=\"auto, (max-width: 682px) 100vw, 682px\" \/><\/figure>\n\n\n\n<p>Una propuesta musical que honra sus ra\u00edces y fusiona la esencia tropical del merengue con sonidos modernos y tendencias actuales.<\/p>\n\n\n\n<p>Santo Domingo, R.D. \u2013 El artista urbano Benjam\u00edn Kammer, conocido art\u00edsticamente como \u201cBNYA\u201d, contin\u00faa consolidando su ascendente carrera internacional con el lanzamiento de la versi\u00f3n en merengue de su exitoso sencillo \u201cPositivo\u201d, una propuesta musical que honra sus ra\u00edces dominicanas y fusiona la esencia tropical del merengue con sonidos modernos y tendencias actuales.<\/p>\n\n\n\n<p>Nacido en Suiza y criado en Z\u00farich, pero profundamente conectado con su herencia dominicana, BNYA apuesta por esta nueva adaptaci\u00f3n como una poderosa declaraci\u00f3n de identidad cultural, llevando el ritmo nacional a escenarios internacionales con una visi\u00f3n fresca, energ\u00e9tica y global. El tema original \u201cPositivo\u201d marc\u00f3 un antes y un despu\u00e9s en su carrera al otorgarle el primer lugar en la World Song Cup 2025, representando a Rep\u00fablica Dominicana entre m\u00e1s de 1,000 artistas de 151 pa\u00edses.<\/p>\n\n\n\n<figure class=\"wp-block-image size-large\"><img loading=\"lazy\" decoding=\"async\" width=\"682\" height=\"1024\" src=\"https:\/\/erainformativa.com\/wp-content\/uploads\/2026\/04\/WhatsApp-Image-2026-04-28-at-5.28.25-PM-3-682x1024.jpeg\" alt=\"\" class=\"wp-image-557\" srcset=\"https:\/\/erainformativa.com\/wp-content\/uploads\/2026\/04\/WhatsApp-Image-2026-04-28-at-5.28.25-PM-3-682x1024.jpeg 682w, https:\/\/erainformativa.com\/wp-content\/uploads\/2026\/04\/WhatsApp-Image-2026-04-28-at-5.28.25-PM-3-200x300.jpeg 200w, https:\/\/erainformativa.com\/wp-content\/uploads\/2026\/04\/WhatsApp-Image-2026-04-28-at-5.28.25-PM-3-768x1153.jpeg 768w, https:\/\/erainformativa.com\/wp-content\/uploads\/2026\/04\/WhatsApp-Image-2026-04-28-at-5.28.25-PM-3-1023x1536.jpeg 1023w, https:\/\/erainformativa.com\/wp-content\/uploads\/2026\/04\/WhatsApp-Image-2026-04-28-at-5.28.25-PM-3.jpeg 1066w\" sizes=\"auto, (max-width: 682px) 100vw, 682px\" \/><\/figure>\n\n\n\n<p>Con esta nueva versi\u00f3n, BNYA transforma el mensaje inspirador de \u201cPositivo\u201d en una celebraci\u00f3n bailable que conecta generaciones, ampliando su alcance dentro del mercado latino, la canci\u00f3n est\u00e1 disponible en todas las plataformas digitales.<\/p>\n\n\n\n<p>Como parte de su crecimiento internacional, el cantante realiz\u00f3 recientemente una exitosa gira de medios por la costa norte de Colombia, recorriendo ciudades claves como Cartagena, Barranquilla y Santa Marta, donde conquist\u00f3 importantes plataformas radiales, televisivas, digitales y medios escritos.<\/p>\n\n\n\n<p>El crecimiento de BNYA tambi\u00e9n se fortalece gracias a su nueva alianza estrat\u00e9gica con AS Creativa y el manejo de su manager Jos\u00e9 Gonz\u00e1lez, impulsando una etapa de expansi\u00f3n que incluir\u00e1 pr\u00f3ximas giras promocionales por Panam\u00e1, Ecuador, Espa\u00f1a y Suiza.<\/p>\n\n\n\n<figure class=\"wp-block-image size-large\"><img loading=\"lazy\" decoding=\"async\" width=\"682\" height=\"1024\" src=\"https:\/\/erainformativa.com\/wp-content\/uploads\/2026\/04\/WhatsApp-Image-2026-04-28-at-5.28.25-PM-682x1024.jpeg\" alt=\"\" class=\"wp-image-558\" srcset=\"https:\/\/erainformativa.com\/wp-content\/uploads\/2026\/04\/WhatsApp-Image-2026-04-28-at-5.28.25-PM-682x1024.jpeg 682w, https:\/\/erainformativa.com\/wp-content\/uploads\/2026\/04\/WhatsApp-Image-2026-04-28-at-5.28.25-PM-200x300.jpeg 200w, https:\/\/erainformativa.com\/wp-content\/uploads\/2026\/04\/WhatsApp-Image-2026-04-28-at-5.28.25-PM-768x1153.jpeg 768w, https:\/\/erainformativa.com\/wp-content\/uploads\/2026\/04\/WhatsApp-Image-2026-04-28-at-5.28.25-PM-1023x1536.jpeg 1023w, https:\/\/erainformativa.com\/wp-content\/uploads\/2026\/04\/WhatsApp-Image-2026-04-28-at-5.28.25-PM.jpeg 1066w\" sizes=\"auto, (max-width: 682px) 100vw, 682px\" \/><\/figure>\n\n\n\n<p>Con su pr\u00f3ximo EP \u201cOtra Galaxia\u201d, BNYA se prepara para seguir rompiendo fronteras con una propuesta art\u00edstica que mezcla reggaet\u00f3n, m\u00fasica latina, electr\u00f3nica y ahora merengue, demostrando versatilidad, visi\u00f3n y compromiso con representar la cultura dominicana en cada escenario, como una de las promesas urbanas de mayor proyecci\u00f3n internacional, llevando un mensaje positivo y aut\u00e9ntico que conecta con audiencias alrededor del mundo.<\/p>\n\n\n\n<div class=\"wp-block-comments\">\n\n\n\n\n\n\t<div id=\"respond\" class=\"comment-respond wp-block-post-comments-form\">\n\t\t<h3 id=\"reply-title\" class=\"comment-reply-title\">Deja una respuesta <small><a rel=\"nofollow\" id=\"cancel-comment-reply-link\" href=\"\/index.php?rest_route=%2Fwp%2Fv2%2Fposts%2F555#respond\" style=\"display:none;\">Cancelar la respuesta<\/a><\/small><\/h3><form action=\"https:\/\/erainformativa.com\/wp-comments-post.php\" method=\"post\" id=\"commentform\" class=\"comment-form\"><p class=\"comment-notes\"><span id=\"email-notes\">Tu direcci\u00f3n de correo electr\u00f3nico no ser\u00e1 publicada.<\/span> <span class=\"required-field-message\">Los campos obligatorios est\u00e1n marcados con <span class=\"required\">*<\/span><\/span><\/p><p class=\"comment-form-comment\"><label for=\"comment\">Comentario <span class=\"required\">*<\/span><\/label> <textarea id=\"comment\" name=\"comment\" cols=\"45\" rows=\"8\" maxlength=\"65525\" required=\"required\"><\/textarea><\/p><p class=\"comment-form-author\"><label for=\"author\">Nombre <span class=\"required\">*<\/span><\/label> <input id=\"author\" name=\"author\" type=\"text\" value=\"\" size=\"30\" maxlength=\"245\" autocomplete=\"name\" required=\"required\" \/><\/p>\n<p class=\"comment-form-email\"><label for=\"email\">Correo electr\u00f3nico <span class=\"required\">*<\/span><\/label> <input id=\"email\" name=\"email\" type=\"text\" value=\"\" size=\"30\" maxlength=\"100\" aria-describedby=\"email-notes\" autocomplete=\"email\" required=\"required\" \/><\/p>\n<p class=\"comment-form-url\"><label for=\"url\">Web<\/label> <input id=\"url\" name=\"url\" type=\"text\" value=\"\" size=\"30\" maxlength=\"200\" autocomplete=\"url\" \/><\/p>\n<p class=\"comment-form-cookies-consent\"><input id=\"wp-comment-cookies-consent\" name=\"wp-comment-cookies-consent\" type=\"checkbox\" value=\"yes\" \/> <label for=\"wp-comment-cookies-consent\">Guarda mi nombre, correo electr\u00f3nico y web en este navegador para la pr\u00f3xima vez que comente.<\/label><\/p>\n<p class=\"form-submit\"><input name=\"submit\" type=\"submit\" id=\"submit\" class=\"submit\" value=\"Publicar el comentario\" \/> <input type='hidden' name='comment_post_ID' value='555' id='comment_post_ID' \/>\n<input type='hidden' name='comment_parent' id='comment_parent' value='0' \/>\n<\/p><\/form>\t<\/div><!-- #respond -->\n\t<\/div>\n","protected":false},"excerpt":{"rendered":"<p>Una propuesta musical que honra sus ra\u00edces y fusiona la esencia tropical del merengue con sonidos modernos y tendencias actuales. Santo Domingo, R.D. \u2013 El artista urbano Benjam\u00edn Kammer, conocido art\u00edsticamente como \u201cBNYA\u201d, contin\u00faa consolidando su ascendente carrera internacional con el lanzamiento de la versi\u00f3n en merengue de su exitoso sencillo \u201cPositivo\u201d, una propuesta musical [&hellip;]<\/p>\n","protected":false},"author":1,"featured_media":0,"comment_status":"open","ping_status":"open","sticky":false,"template":"","format":"standard","meta":{"dsgo_overlay_header":false,"dsgo_overlay_header_text_color":"","dsgo_overlay_skip_top_bar":false,"_designsetgo_exclude_llms":false,"footnotes":""},"categories":[10,4],"tags":[],"class_list":["post-555","post","type-post","status-publish","format-standard","hentry","category-actualidad","category-portada"],"_links":{"self":[{"href":"https:\/\/erainformativa.com\/index.php?rest_route=\/wp\/v2\/posts\/555","targetHints":{"allow":["GET"]}}],"collection":[{"href":"https:\/\/erainformativa.com\/index.php?rest_route=\/wp\/v2\/posts"}],"about":[{"href":"https:\/\/erainformativa.com\/index.php?rest_route=\/wp\/v2\/types\/post"}],"author":[{"embeddable":true,"href":"https:\/\/erainformativa.com\/index.php?rest_route=\/wp\/v2\/users\/1"}],"replies":[{"embeddable":true,"href":"https:\/\/erainformativa.com\/index.php?rest_route=%2Fwp%2Fv2%2Fcomments&post=555"}],"version-history":[{"count":1,"href":"https:\/\/erainformativa.com\/index.php?rest_route=\/wp\/v2\/posts\/555\/revisions"}],"predecessor-version":[{"id":559,"href":"https:\/\/erainformativa.com\/index.php?rest_route=\/wp\/v2\/posts\/555\/revisions\/559"}],"wp:attachment":[{"href":"https:\/\/erainformativa.com\/index.php?rest_route=%2Fwp%2Fv2%2Fmedia&parent=555"}],"wp:term":[{"taxonomy":"category","embeddable":true,"href":"https:\/\/erainformativa.com\/index.php?rest_route=%2Fwp%2Fv2%2Fcategories&post=555"},{"taxonomy":"post_tag","embeddable":true,"href":"https:\/\/erainformativa.com\/index.php?rest_route=%2Fwp%2Fv2%2Ftags&post=555"}],"curies":[{"name":"wp","href":"https:\/\/api.w.org\/{rel}","templated":true}]}}