{"id":545,"date":"2026-04-28T17:48:03","date_gmt":"2026-04-28T21:48:03","guid":{"rendered":"https:\/\/erainformativa.com\/?p=545"},"modified":"2026-04-28T17:48:04","modified_gmt":"2026-04-28T21:48:04","slug":"directora-de-cedi-mujer-sostiene-encuentro-con-destacadas-periodistas-de-santiago-2","status":"publish","type":"post","link":"https:\/\/erainformativa.com\/?p=545","title":{"rendered":"Directora de CEDI-MUJER sostiene encuentro con destacadas periodistas de Santiago"},"content":{"rendered":"<div class=\"wp-block-post-date\"><time datetime=\"2026-04-28T21:45:21.667Z\">28 de abril de 2026<\/time><\/div>\n\n\n<figure class=\"wp-block-image size-large\"><img loading=\"lazy\" decoding=\"async\" width=\"1024\" height=\"768\" src=\"https:\/\/erainformativa.com\/wp-content\/uploads\/2026\/04\/WhatsApp-Image-2026-04-28-at-5.07.06-PM-2-1024x768.jpeg\" alt=\"\" class=\"wp-image-546\" srcset=\"https:\/\/erainformativa.com\/wp-content\/uploads\/2026\/04\/WhatsApp-Image-2026-04-28-at-5.07.06-PM-2-1024x768.jpeg 1024w, https:\/\/erainformativa.com\/wp-content\/uploads\/2026\/04\/WhatsApp-Image-2026-04-28-at-5.07.06-PM-2-300x225.jpeg 300w, https:\/\/erainformativa.com\/wp-content\/uploads\/2026\/04\/WhatsApp-Image-2026-04-28-at-5.07.06-PM-2-768x576.jpeg 768w, https:\/\/erainformativa.com\/wp-content\/uploads\/2026\/04\/WhatsApp-Image-2026-04-28-at-5.07.06-PM-2-1536x1152.jpeg 1536w, https:\/\/erainformativa.com\/wp-content\/uploads\/2026\/04\/WhatsApp-Image-2026-04-28-at-5.07.06-PM-2.jpeg 1600w\" sizes=\"auto, (max-width: 1024px) 100vw, 1024px\" \/><\/figure>\n\n\n\n<p>Santiago, RD. \u2013 La directora ejecutiva del Centro de Desarrollo Integral para la Mujer (CEDI-MUJER), Ing. Heidi Espinal, encabez\u00f3 un encuentro con destacadas figuras femeninas del periodismo de Santiago, con el prop\u00f3sito de fortalecer v\u00ednculos y promover espacios de di\u00e1logo en favor del desarrollo y empoderamiento de la mujer.<\/p>\n\n\n\n<p>Durante la actividad, se abordaron temas relacionados con el rol de la mujer en la comunicaci\u00f3n, el liderazgo femenino y la importancia de visibilizar iniciativas que impacten positivamente a las comunidades.<\/p>\n\n\n\n<p>Espinal valor\u00f3 el compromiso de las periodistas presentes, destacando su labor como agentes de cambio y su contribuci\u00f3n al fortalecimiento de una sociedad m\u00e1s justa e inclusiva. En ese sentido, expres\u00f3 que \u201cm\u00e1s que una actividad formal, este es un espacio que representa nuestro compromiso con las mujeres, sus familias y toda la sociedad\u201d.<\/p>\n\n\n\n<figure class=\"wp-block-image size-large\"><img loading=\"lazy\" decoding=\"async\" width=\"1024\" height=\"768\" src=\"https:\/\/erainformativa.com\/wp-content\/uploads\/2026\/04\/WhatsApp-Image-2026-04-28-at-5.07.06-PM-1-1-1024x768.jpeg\" alt=\"\" class=\"wp-image-547\" srcset=\"https:\/\/erainformativa.com\/wp-content\/uploads\/2026\/04\/WhatsApp-Image-2026-04-28-at-5.07.06-PM-1-1-1024x768.jpeg 1024w, https:\/\/erainformativa.com\/wp-content\/uploads\/2026\/04\/WhatsApp-Image-2026-04-28-at-5.07.06-PM-1-1-300x225.jpeg 300w, https:\/\/erainformativa.com\/wp-content\/uploads\/2026\/04\/WhatsApp-Image-2026-04-28-at-5.07.06-PM-1-1-768x576.jpeg 768w, https:\/\/erainformativa.com\/wp-content\/uploads\/2026\/04\/WhatsApp-Image-2026-04-28-at-5.07.06-PM-1-1-1536x1152.jpeg 1536w, https:\/\/erainformativa.com\/wp-content\/uploads\/2026\/04\/WhatsApp-Image-2026-04-28-at-5.07.06-PM-1-1.jpeg 1600w\" sizes=\"auto, (max-width: 1024px) 100vw, 1024px\" \/><\/figure>\n\n\n\n<p>Como parte del encuentro, las invitadas realizaron un recorrido por las instalaciones del centro, donde pudieron conocer de primera mano los servicios y \u00e1reas de atenci\u00f3n que ofrece CEDI-MUJER.<\/p>\n\n\n\n<p>El encuentro se enmarca dentro del proceso de relanzamiento de CEDI-MUJER, bajo el abrigo del Gabinete de Pol\u00edtica Social, que dirige Geanilda V\u00e1squez, con el objetivo de ampliar su alcance y continuar impulsando acciones en beneficio de las mujeres.<\/p>\n\n\n\n<p>La actividad cont\u00f3 con la participaci\u00f3n de Amalfi Su\u00e1rez, directora de la regi\u00f3n norte del INABIE; la Lic. Maritza F\u00e9lix, directora de CEDI-MUJER Santiago; y Mayra Alonso, asesora del Concejo de Regidores de Santiago. Asimismo, estuvieron presentes integrantes del personal t\u00e9cnico y colaboradores del centro.<\/p>\n\n\n\n<p>CEDI-MUJER tiene como objetivo impactar al mayor n\u00famero de mujeres, promoviendo su empoderamiento econ\u00f3mico y desarrollo integral. Entre los servicios que ofrece se destacan ginecolog\u00eda y obstetricia, medicina familiar, sonograf\u00eda, mamograf\u00eda, unidad de atenci\u00f3n a casos de violencia contra la mujer, Punto Solidario, gesti\u00f3n de documentos de identidad y asistencia legal, entre otros.<\/p>\n\n\n\n<div class=\"wp-block-comments\">\n\n\n\n\n\n\t<div id=\"respond\" class=\"comment-respond wp-block-post-comments-form\">\n\t\t<h3 id=\"reply-title\" class=\"comment-reply-title\">Deja una respuesta <small><a rel=\"nofollow\" id=\"cancel-comment-reply-link\" href=\"\/index.php?rest_route=%2Fwp%2Fv2%2Fposts%2F545#respond\" style=\"display:none;\">Cancelar la respuesta<\/a><\/small><\/h3><form action=\"https:\/\/erainformativa.com\/wp-comments-post.php\" method=\"post\" id=\"commentform\" class=\"comment-form\"><p class=\"comment-notes\"><span id=\"email-notes\">Tu direcci\u00f3n de correo electr\u00f3nico no ser\u00e1 publicada.<\/span> <span class=\"required-field-message\">Los campos obligatorios est\u00e1n marcados con <span class=\"required\">*<\/span><\/span><\/p><p class=\"comment-form-comment\"><label for=\"comment\">Comentario <span class=\"required\">*<\/span><\/label> <textarea id=\"comment\" name=\"comment\" cols=\"45\" rows=\"8\" maxlength=\"65525\" required=\"required\"><\/textarea><\/p><p class=\"comment-form-author\"><label for=\"author\">Nombre <span class=\"required\">*<\/span><\/label> <input id=\"author\" name=\"author\" type=\"text\" value=\"\" size=\"30\" maxlength=\"245\" autocomplete=\"name\" required=\"required\" \/><\/p>\n<p class=\"comment-form-email\"><label for=\"email\">Correo electr\u00f3nico <span class=\"required\">*<\/span><\/label> <input id=\"email\" name=\"email\" type=\"text\" value=\"\" size=\"30\" maxlength=\"100\" aria-describedby=\"email-notes\" autocomplete=\"email\" required=\"required\" \/><\/p>\n<p class=\"comment-form-url\"><label for=\"url\">Web<\/label> <input id=\"url\" name=\"url\" type=\"text\" value=\"\" size=\"30\" maxlength=\"200\" autocomplete=\"url\" \/><\/p>\n<p class=\"comment-form-cookies-consent\"><input id=\"wp-comment-cookies-consent\" name=\"wp-comment-cookies-consent\" type=\"checkbox\" value=\"yes\" \/> <label for=\"wp-comment-cookies-consent\">Guarda mi nombre, correo electr\u00f3nico y web en este navegador para la pr\u00f3xima vez que comente.<\/label><\/p>\n<p class=\"form-submit\"><input name=\"submit\" type=\"submit\" id=\"submit\" class=\"submit\" value=\"Publicar el comentario\" \/> <input type='hidden' name='comment_post_ID' value='545' id='comment_post_ID' \/>\n<input type='hidden' name='comment_parent' id='comment_parent' value='0' \/>\n<\/p><\/form>\t<\/div><!-- #respond -->\n\t<\/div>\n","protected":false},"excerpt":{"rendered":"<p>Santiago, RD. \u2013 La directora ejecutiva del Centro de Desarrollo Integral para la Mujer (CEDI-MUJER), Ing. Heidi Espinal, encabez\u00f3 un encuentro con destacadas figuras femeninas del periodismo de Santiago, con el prop\u00f3sito de fortalecer v\u00ednculos y promover espacios de di\u00e1logo en favor del desarrollo y empoderamiento de la mujer. Durante la actividad, se abordaron temas [&hellip;]<\/p>\n","protected":false},"author":1,"featured_media":0,"comment_status":"open","ping_status":"open","sticky":false,"template":"","format":"standard","meta":{"dsgo_overlay_header":false,"dsgo_overlay_header_text_color":"","dsgo_overlay_skip_top_bar":false,"_designsetgo_exclude_llms":false,"footnotes":""},"categories":[10,5],"tags":[],"class_list":["post-545","post","type-post","status-publish","format-standard","hentry","category-actualidad","category-noticias"],"_links":{"self":[{"href":"https:\/\/erainformativa.com\/index.php?rest_route=\/wp\/v2\/posts\/545","targetHints":{"allow":["GET"]}}],"collection":[{"href":"https:\/\/erainformativa.com\/index.php?rest_route=\/wp\/v2\/posts"}],"about":[{"href":"https:\/\/erainformativa.com\/index.php?rest_route=\/wp\/v2\/types\/post"}],"author":[{"embeddable":true,"href":"https:\/\/erainformativa.com\/index.php?rest_route=\/wp\/v2\/users\/1"}],"replies":[{"embeddable":true,"href":"https:\/\/erainformativa.com\/index.php?rest_route=%2Fwp%2Fv2%2Fcomments&post=545"}],"version-history":[{"count":1,"href":"https:\/\/erainformativa.com\/index.php?rest_route=\/wp\/v2\/posts\/545\/revisions"}],"predecessor-version":[{"id":548,"href":"https:\/\/erainformativa.com\/index.php?rest_route=\/wp\/v2\/posts\/545\/revisions\/548"}],"wp:attachment":[{"href":"https:\/\/erainformativa.com\/index.php?rest_route=%2Fwp%2Fv2%2Fmedia&parent=545"}],"wp:term":[{"taxonomy":"category","embeddable":true,"href":"https:\/\/erainformativa.com\/index.php?rest_route=%2Fwp%2Fv2%2Fcategories&post=545"},{"taxonomy":"post_tag","embeddable":true,"href":"https:\/\/erainformativa.com\/index.php?rest_route=%2Fwp%2Fv2%2Ftags&post=545"}],"curies":[{"name":"wp","href":"https:\/\/api.w.org\/{rel}","templated":true}]}}