{"id":542,"date":"2026-04-28T17:40:28","date_gmt":"2026-04-28T21:40:28","guid":{"rendered":"https:\/\/erainformativa.com\/?p=542"},"modified":"2026-04-28T17:40:29","modified_gmt":"2026-04-28T21:40:29","slug":"presidente-abinader-entrega-25-vehiculos-al-inespre-para-ampliar-la-distribucion-de-alimentos","status":"publish","type":"post","link":"https:\/\/erainformativa.com\/?p=542","title":{"rendered":"Presidente Abinader entrega 25 veh\u00edculos al Inespre para ampliar la distribuci\u00f3n de alimentos"},"content":{"rendered":"\n<h3 class=\"wp-block-heading\">Mandatario dice que cuando la gente vea al Inespre en los barrios, debe identificar la garant\u00eda de precios justos.<\/h3>\n\n\n\n<p>28 de Abril 2026 | 13:25<\/p>\n\n\n\n<figure class=\"wp-block-image\"><img decoding=\"async\" src=\"https:\/\/presidencia.gob.do\/sites\/default\/files\/styles\/large\/public\/news\/2026-04\/WhatsApp%20Image%202026-04-28%20at%2012.25.23%20PM%281%29.jpeg?itok=IHyeM21O\" alt=\"Presidente\"\/><\/figure>\n\n\n\n<p>Santo Domingo.\u2013&nbsp;<strong>El presidente de la Rep\u00fablica, Luis Abinader<\/strong>, encabez\u00f3 este martes la&nbsp;<strong>entrega de 25 nuevos veh\u00edculos<\/strong>&nbsp;al Instituto de Estabilizaci\u00f3n de Precios&nbsp;<strong>(Inespre)<\/strong>, como parte de una&nbsp;<strong>flotilla total de 60 unidades<\/strong>&nbsp;destinadas a fortalecer la capacidad operativa de la instituci\u00f3n y ampliar la&nbsp;<strong>distribuci\u00f3n de alimentos a precios asequibles<\/strong>&nbsp;en todo el territorio nacional.<\/p>\n\n\n\n<p>El mandatario realiz\u00f3 la&nbsp;<strong>entrega simb\u00f3lica de las llaves&nbsp;<\/strong>de la flotilla de veh\u00edculos correspondiente a la&nbsp;<strong>primera fase<\/strong>, al director del Inespre,&nbsp;<strong>David Herrera<\/strong>, la cual fue gestionada a trav\u00e9s del Ministerio Administrativo de la Presidencia, bajo la direcci\u00f3n del ministro&nbsp;<strong>Andr\u00e9s Bautista<\/strong>.<\/p>\n\n\n\n<p>Durante el acto, el presidente Abinader destac\u00f3 el papel del Instituto Nacional de Estabilizaci\u00f3n de Precios ante el&nbsp;<strong>contexto actual de crisis mundial<\/strong>&nbsp;y asegur\u00f3 que est\u00e1n&nbsp;<strong>atendiendo diariamente la mesa de precios para estabilizarlos<\/strong>&nbsp;y cumplir con la misi\u00f3n del Inespre.<\/p>\n\n\n\n<figure class=\"wp-block-image\"><img decoding=\"async\" src=\"https:\/\/presidencia.gob.do\/sites\/default\/files\/inline-images\/WhatsApp%20Image%202026-04-28%20at%2012.25.22%20PM%281%29.jpeg\" alt=\"\"\/><\/figure>\n\n\n\n<p>Asimismo, explic\u00f3 que el objetivo es mejorar la&nbsp;<strong>eficiencia en la cadena de distribuci\u00f3n<\/strong>.&nbsp;<em>\u201cLlegar m\u00e1s r\u00e1pido, m\u00e1s eficiente entre el productor y el consumidor\u201d.<\/em><\/p>\n\n\n\n<p>El mandatario indic\u00f3 que la incorporaci\u00f3n de los 60 nuevos veh\u00edculos, de los cuales hoy se entrega la primera partida y los restantes en los pr\u00f3ximos d\u00edas, permitir\u00e1 ampliar la&nbsp;<strong>presencia de la instituci\u00f3n en los sectores.<\/strong>&nbsp;<em>\u201cVan a cumplir eso, para que la gente, cuando vea en los barrios al Inespre, vea la garant\u00eda de un precio justo de los productos, que eso es lo que nosotros buscamos\u201d.<\/em><\/p>\n\n\n\n<p>El jefe de Estado insisti\u00f3 en que el Instituto Nacional de Estabilizaci\u00f3n de Precios tiene que ser el&nbsp;<strong>puente entre el productor y el consumidor<\/strong><em><strong>.<\/strong>&nbsp;\u201cEn eso est\u00e1 el Gobierno, buscando precios justos para toda la poblaci\u00f3n dominicana\u201d.<\/em><\/p>\n\n\n\n<p>Finalmente, exhort\u00f3 a continuar fortaleciendo el&nbsp;<strong>alcance de la instituci\u00f3n en todo el pa\u00eds.<\/strong>&nbsp;<em>\u201cDavid, estamos seguros de que seguir\u00e1s haciendo un gran trabajo en b\u00fasqueda de llevar estos precios justos a los barrios y a los diferentes sectores y a las diferentes provincias de todo el pa\u00eds\u201d.<\/em><\/p>\n\n\n\n<p><strong>Decisi\u00f3n firme y una visi\u00f3n clara del presidente Abinader<\/strong><\/p>\n\n\n\n<p>De su lado, el ministro administrativo de la Presidencia,&nbsp;<strong>Andr\u00e9s Bautista Garc\u00eda<\/strong>, inform\u00f3 que la entrega de 25 veh\u00edculos forma parte de una flotilla total de 60 unidades destinadas a fortalecer la&nbsp;<strong>capacidad de distribuci\u00f3n<\/strong>&nbsp;del Instituto de Estabilizaci\u00f3n de Precios y dijo que&nbsp;<strong>los 35 restantes ser\u00e1n entregados en el curso del pr\u00f3ximo mes de mayo.<\/strong><\/p>\n\n\n\n<p><em>\u201cEsta es una decisi\u00f3n firme y una visi\u00f3n clara del presidente Luis Abinader: lograr que los alimentos lleguen directamente al pueblo sin abusos y a precios justos\u201d,<\/em>&nbsp;sentenci\u00f3 Bautista.<\/p>\n\n\n\n<p>Explic\u00f3 que&nbsp;<strong>los nuevos veh\u00edculos operar\u00e1n tanto en fr\u00edo como a temperatura ambiente,<\/strong>&nbsp;impactando directamente a los dos actores principales de la&nbsp;<strong>cadena de comercializaci\u00f3n<\/strong>: por un lado,&nbsp;<strong>el productor<\/strong>, que podr\u00e1 colocar sus productos sin distorsiones, y por el otro&nbsp;<strong>el consumidor<\/strong>, que podr\u00e1 adquirirlos a precio de costo.<\/p>\n\n\n\n<figure class=\"wp-block-image\"><img decoding=\"async\" src=\"https:\/\/presidencia.gob.do\/sites\/default\/files\/inline-images\/WhatsApp%20Image%202026-04-28%20at%2012.25.24%20PM%282%29.jpeg\" alt=\"\"\/><\/figure>\n\n\n\n<p><em>\u201cAs\u00ed reducimos la intermediaci\u00f3n abusiva y fortalecemos un sistema m\u00e1s justo, m\u00e1s eficiente y m\u00e1s humano. Seguimos trabajando y avanzando hacia un pa\u00eds donde los alimentos lleguen de manera digna a cada hogar vulnerable de la Rep\u00fablica Dominicana. Ese es el objetivo fundamental de esta inversi\u00f3n en estos equipos\u201d.<\/em><\/p>\n\n\n\n<p>Esta primera entrega forma parte de las acciones que impulsa el Gobierno para garantizar el&nbsp;<strong>acceso oportuno y equitativo de la poblaci\u00f3n a productos de la canasta b\u00e1sica<\/strong>, especialmente en beneficio de los&nbsp;<strong>sectores m\u00e1s vulnerables<\/strong>&nbsp;y reafirma el compromiso con&nbsp;<strong>la seguridad alimentaria y el bienestar<\/strong>&nbsp;de la poblaci\u00f3n.<\/p>\n\n\n\n<p>Adem\u00e1s, marca el inicio de un proceso de fortalecimiento institucional que permitir\u00e1 al Inespre ampliar significativamente su cobertura y eficiencia, incrementando la&nbsp;<strong>presencia de sus bodegas m\u00f3viles<\/strong>&nbsp;en comunidades a nivel nacional. La incorporaci\u00f3n de estas unidades representa un avance clave para optimizar la&nbsp;<strong>log\u00edstica<\/strong>&nbsp;de distribuci\u00f3n, facilitar el&nbsp;<strong>acceso a alimentos en zonas de dif\u00edcil alcance<\/strong>&nbsp;y aumentar la&nbsp;<strong>frecuencia de abastecimiento<\/strong>&nbsp;en distintos puntos del pa\u00eds.<\/p>\n\n\n\n<p>Acompa\u00f1aron al presidente Abinader el ministro de Agricultura,&nbsp;<strong>Francisco Oliverio Espaillat Bencosme<\/strong>; el administrador general del Banco Agr\u00edcola,&nbsp;<strong>Fernando Dur\u00e1n,<\/strong>&nbsp;y el director de Ganader\u00eda,&nbsp;<strong>Abel Madera.<\/strong><\/p>\n","protected":false},"excerpt":{"rendered":"<p>Mandatario dice que cuando la gente vea al Inespre en los barrios, debe identificar la garant\u00eda de precios justos. 28 de Abril 2026 | 13:25 Santo Domingo.\u2013&nbsp;El presidente de la Rep\u00fablica, Luis Abinader, encabez\u00f3 este martes la&nbsp;entrega de 25 nuevos veh\u00edculos&nbsp;al Instituto de Estabilizaci\u00f3n de Precios&nbsp;(Inespre), como parte de una&nbsp;flotilla total de 60 unidades&nbsp;destinadas a [&hellip;]<\/p>\n","protected":false},"author":1,"featured_media":0,"comment_status":"open","ping_status":"open","sticky":false,"template":"","format":"standard","meta":{"dsgo_overlay_header":false,"dsgo_overlay_header_text_color":"","dsgo_overlay_skip_top_bar":false,"_designsetgo_exclude_llms":false,"footnotes":""},"categories":[10],"tags":[],"class_list":["post-542","post","type-post","status-publish","format-standard","hentry","category-actualidad"],"_links":{"self":[{"href":"https:\/\/erainformativa.com\/index.php?rest_route=\/wp\/v2\/posts\/542","targetHints":{"allow":["GET"]}}],"collection":[{"href":"https:\/\/erainformativa.com\/index.php?rest_route=\/wp\/v2\/posts"}],"about":[{"href":"https:\/\/erainformativa.com\/index.php?rest_route=\/wp\/v2\/types\/post"}],"author":[{"embeddable":true,"href":"https:\/\/erainformativa.com\/index.php?rest_route=\/wp\/v2\/users\/1"}],"replies":[{"embeddable":true,"href":"https:\/\/erainformativa.com\/index.php?rest_route=%2Fwp%2Fv2%2Fcomments&post=542"}],"version-history":[{"count":1,"href":"https:\/\/erainformativa.com\/index.php?rest_route=\/wp\/v2\/posts\/542\/revisions"}],"predecessor-version":[{"id":544,"href":"https:\/\/erainformativa.com\/index.php?rest_route=\/wp\/v2\/posts\/542\/revisions\/544"}],"wp:attachment":[{"href":"https:\/\/erainformativa.com\/index.php?rest_route=%2Fwp%2Fv2%2Fmedia&parent=542"}],"wp:term":[{"taxonomy":"category","embeddable":true,"href":"https:\/\/erainformativa.com\/index.php?rest_route=%2Fwp%2Fv2%2Fcategories&post=542"},{"taxonomy":"post_tag","embeddable":true,"href":"https:\/\/erainformativa.com\/index.php?rest_route=%2Fwp%2Fv2%2Ftags&post=542"}],"curies":[{"name":"wp","href":"https:\/\/api.w.org\/{rel}","templated":true}]}}