{"id":534,"date":"2026-04-28T16:57:55","date_gmt":"2026-04-28T20:57:55","guid":{"rendered":"https:\/\/erainformativa.com\/?p=534"},"modified":"2026-04-28T16:57:57","modified_gmt":"2026-04-28T20:57:57","slug":"alcalde-ulises-rodriguez-recibe-a-su-homologo-de-dajabon-para-intercambiar-experiencias-sobre-gestion-municipal","status":"publish","type":"post","link":"https:\/\/erainformativa.com\/?p=534","title":{"rendered":"Alcalde Ulises Rodr\u00edguez recibe a su hom\u00f3logo de Dajab\u00f3n para intercambiar experiencias sobre gesti\u00f3n municipal"},"content":{"rendered":"<div class=\"wp-block-post-date\"><time datetime=\"2026-04-28T20:57:37.710Z\">28 de abril de 2026<\/time><\/div>\n\n\n<figure class=\"wp-block-image size-large\"><img loading=\"lazy\" decoding=\"async\" width=\"1024\" height=\"682\" src=\"https:\/\/erainformativa.com\/wp-content\/uploads\/2026\/04\/WhatsApp-Image-2026-04-28-at-2.56.00-PM-1-1024x682.jpeg\" alt=\"\" class=\"wp-image-535\" srcset=\"https:\/\/erainformativa.com\/wp-content\/uploads\/2026\/04\/WhatsApp-Image-2026-04-28-at-2.56.00-PM-1-1024x682.jpeg 1024w, https:\/\/erainformativa.com\/wp-content\/uploads\/2026\/04\/WhatsApp-Image-2026-04-28-at-2.56.00-PM-1-300x200.jpeg 300w, https:\/\/erainformativa.com\/wp-content\/uploads\/2026\/04\/WhatsApp-Image-2026-04-28-at-2.56.00-PM-1-768x512.jpeg 768w, https:\/\/erainformativa.com\/wp-content\/uploads\/2026\/04\/WhatsApp-Image-2026-04-28-at-2.56.00-PM-1-1536x1023.jpeg 1536w, https:\/\/erainformativa.com\/wp-content\/uploads\/2026\/04\/WhatsApp-Image-2026-04-28-at-2.56.00-PM-1.jpeg 1600w\" sizes=\"auto, (max-width: 1024px) 100vw, 1024px\" \/><\/figure>\n\n\n\n<p>Santiago de los Caballeros.\u2013 El alcalde de Santiago, Ulises Rodr\u00edguez, recibi\u00f3 este martes al alcalde del municipio de Dajab\u00f3n, Santiago River\u00f3n, en un encuentro marcado por el di\u00e1logo abierto y el inter\u00e9s com\u00fan de fortalecer la gesti\u00f3n municipal.<\/p>\n\n\n\n<p>Durante la visita, Rodr\u00edguez agradeci\u00f3 el acercamiento y reiter\u00f3 la disposici\u00f3n de su administraci\u00f3n de colaborar con el cabildo de Dajab\u00f3n, poniendo a su disposici\u00f3n el conocimiento y la experiencia de su equipo t\u00e9cnico.<\/p>\n\n\n\n<figure class=\"wp-block-image size-large\"><img loading=\"lazy\" decoding=\"async\" width=\"1024\" height=\"682\" src=\"https:\/\/erainformativa.com\/wp-content\/uploads\/2026\/04\/WhatsApp-Image-2026-04-28-at-2.56.00-PM-1024x682.jpeg\" alt=\"\" class=\"wp-image-536\" srcset=\"https:\/\/erainformativa.com\/wp-content\/uploads\/2026\/04\/WhatsApp-Image-2026-04-28-at-2.56.00-PM-1024x682.jpeg 1024w, https:\/\/erainformativa.com\/wp-content\/uploads\/2026\/04\/WhatsApp-Image-2026-04-28-at-2.56.00-PM-300x200.jpeg 300w, https:\/\/erainformativa.com\/wp-content\/uploads\/2026\/04\/WhatsApp-Image-2026-04-28-at-2.56.00-PM-768x512.jpeg 768w, https:\/\/erainformativa.com\/wp-content\/uploads\/2026\/04\/WhatsApp-Image-2026-04-28-at-2.56.00-PM-1536x1023.jpeg 1536w, https:\/\/erainformativa.com\/wp-content\/uploads\/2026\/04\/WhatsApp-Image-2026-04-28-at-2.56.00-PM.jpeg 1600w\" sizes=\"auto, (max-width: 1024px) 100vw, 1024px\" \/><\/figure>\n\n\n\n<p>\u201cEstamos en la mejor disposici\u00f3n de apoyar en todo lo necesario. Nuestros t\u00e9cnicos pueden compartir sus experiencias para aportar soluciones que beneficien a su municipio\u201d, expres\u00f3.<\/p>\n\n\n\n<p>De su lado, River\u00f3n explic\u00f3 que su visita responde a la necesidad de buscar orientaci\u00f3n ante los desaf\u00edos que enfrenta Dajab\u00f3n, especialmente en el manejo del tr\u00e1nsito, una situaci\u00f3n que calific\u00f3 como cr\u00edtica.<\/p>\n\n\n\n<p>\u201cNosotros tenemos un problema serio con el tr\u00e1nsito, pr\u00e1cticamente colapsado. Por eso vinimos a Santiago, porque entendemos que es una ciudad que ha venido organiz\u00e1ndose bien en ese aspecto. Queremos conocer c\u00f3mo lo est\u00e1n haciendo, recoger ideas y aplicarlas en nuestro municipio\u201d, indic\u00f3.<\/p>\n\n\n\n<p>El alcalde de Dajab\u00f3n tambi\u00e9n valor\u00f3 la cercan\u00eda y accesibilidad de Rodr\u00edguez, destacando la importancia de este tipo de encuentros entre autoridades locales.<\/p>\n\n\n\n<p>\u201cUlises es una persona accesible, abierta al di\u00e1logo, y eso facilita mucho este intercambio. Hoy estamos aqu\u00ed buscando soluciones, pero tambi\u00e9n fortaleciendo relaciones institucionales\u201d, agreg\u00f3.<\/p>\n\n\n\n<p>El encuentro permiti\u00f3 adem\u00e1s abordar otros temas de inter\u00e9s com\u00fan, incluyendo aspectos pol\u00edticos y de gesti\u00f3n, en un ambiente de respeto y colaboraci\u00f3n.<\/p>\n\n\n\n<div class=\"wp-block-comments\">\n\n\n\n\n\n\t<div id=\"respond\" class=\"comment-respond wp-block-post-comments-form\">\n\t\t<h3 id=\"reply-title\" class=\"comment-reply-title\">Deja una respuesta <small><a rel=\"nofollow\" id=\"cancel-comment-reply-link\" href=\"\/index.php?rest_route=%2Fwp%2Fv2%2Fposts%2F534#respond\" style=\"display:none;\">Cancelar la respuesta<\/a><\/small><\/h3><form action=\"https:\/\/erainformativa.com\/wp-comments-post.php\" method=\"post\" id=\"commentform\" class=\"comment-form\"><p class=\"comment-notes\"><span id=\"email-notes\">Tu direcci\u00f3n de correo electr\u00f3nico no ser\u00e1 publicada.<\/span> <span class=\"required-field-message\">Los campos obligatorios est\u00e1n marcados con <span class=\"required\">*<\/span><\/span><\/p><p class=\"comment-form-comment\"><label for=\"comment\">Comentario <span class=\"required\">*<\/span><\/label> <textarea id=\"comment\" name=\"comment\" cols=\"45\" rows=\"8\" maxlength=\"65525\" required=\"required\"><\/textarea><\/p><p class=\"comment-form-author\"><label for=\"author\">Nombre <span class=\"required\">*<\/span><\/label> <input id=\"author\" name=\"author\" type=\"text\" value=\"\" size=\"30\" maxlength=\"245\" autocomplete=\"name\" required=\"required\" \/><\/p>\n<p class=\"comment-form-email\"><label for=\"email\">Correo electr\u00f3nico <span class=\"required\">*<\/span><\/label> <input id=\"email\" name=\"email\" type=\"text\" value=\"\" size=\"30\" maxlength=\"100\" aria-describedby=\"email-notes\" autocomplete=\"email\" required=\"required\" \/><\/p>\n<p class=\"comment-form-url\"><label for=\"url\">Web<\/label> <input id=\"url\" name=\"url\" type=\"text\" value=\"\" size=\"30\" maxlength=\"200\" autocomplete=\"url\" \/><\/p>\n<p class=\"comment-form-cookies-consent\"><input id=\"wp-comment-cookies-consent\" name=\"wp-comment-cookies-consent\" type=\"checkbox\" value=\"yes\" \/> <label for=\"wp-comment-cookies-consent\">Guarda mi nombre, correo electr\u00f3nico y web en este navegador para la pr\u00f3xima vez que comente.<\/label><\/p>\n<p class=\"form-submit\"><input name=\"submit\" type=\"submit\" id=\"submit\" class=\"submit\" value=\"Publicar el comentario\" \/> <input type='hidden' name='comment_post_ID' value='534' id='comment_post_ID' \/>\n<input type='hidden' name='comment_parent' id='comment_parent' value='0' \/>\n<\/p><\/form>\t<\/div><!-- #respond -->\n\t<\/div>\n","protected":false},"excerpt":{"rendered":"<p>Santiago de los Caballeros.\u2013 El alcalde de Santiago, Ulises Rodr\u00edguez, recibi\u00f3 este martes al alcalde del municipio de Dajab\u00f3n, Santiago River\u00f3n, en un encuentro marcado por el di\u00e1logo abierto y el inter\u00e9s com\u00fan de fortalecer la gesti\u00f3n municipal. Durante la visita, Rodr\u00edguez agradeci\u00f3 el acercamiento y reiter\u00f3 la disposici\u00f3n de su administraci\u00f3n de colaborar con [&hellip;]<\/p>\n","protected":false},"author":1,"featured_media":0,"comment_status":"open","ping_status":"open","sticky":false,"template":"","format":"standard","meta":{"dsgo_overlay_header":false,"dsgo_overlay_header_text_color":"","dsgo_overlay_skip_top_bar":false,"_designsetgo_exclude_llms":false,"footnotes":""},"categories":[10],"tags":[],"class_list":["post-534","post","type-post","status-publish","format-standard","hentry","category-actualidad"],"_links":{"self":[{"href":"https:\/\/erainformativa.com\/index.php?rest_route=\/wp\/v2\/posts\/534","targetHints":{"allow":["GET"]}}],"collection":[{"href":"https:\/\/erainformativa.com\/index.php?rest_route=\/wp\/v2\/posts"}],"about":[{"href":"https:\/\/erainformativa.com\/index.php?rest_route=\/wp\/v2\/types\/post"}],"author":[{"embeddable":true,"href":"https:\/\/erainformativa.com\/index.php?rest_route=\/wp\/v2\/users\/1"}],"replies":[{"embeddable":true,"href":"https:\/\/erainformativa.com\/index.php?rest_route=%2Fwp%2Fv2%2Fcomments&post=534"}],"version-history":[{"count":1,"href":"https:\/\/erainformativa.com\/index.php?rest_route=\/wp\/v2\/posts\/534\/revisions"}],"predecessor-version":[{"id":537,"href":"https:\/\/erainformativa.com\/index.php?rest_route=\/wp\/v2\/posts\/534\/revisions\/537"}],"wp:attachment":[{"href":"https:\/\/erainformativa.com\/index.php?rest_route=%2Fwp%2Fv2%2Fmedia&parent=534"}],"wp:term":[{"taxonomy":"category","embeddable":true,"href":"https:\/\/erainformativa.com\/index.php?rest_route=%2Fwp%2Fv2%2Fcategories&post=534"},{"taxonomy":"post_tag","embeddable":true,"href":"https:\/\/erainformativa.com\/index.php?rest_route=%2Fwp%2Fv2%2Ftags&post=534"}],"curies":[{"name":"wp","href":"https:\/\/api.w.org\/{rel}","templated":true}]}}